{"id":994,"date":"2010-06-07T15:16:58","date_gmt":"2010-06-07T13:16:58","guid":{"rendered":"http:\/\/lapecera.ch\/?p=994"},"modified":"2010-06-07T15:16:58","modified_gmt":"2010-06-07T13:16:58","slug":"la-maldicion-de-las-trilogias-4%c2%aa-parte","status":"publish","type":"post","link":"https:\/\/blog.lapecera.ch\/?p=994","title":{"rendered":"La maldici\u00f3n de las trilog\u00edas, 4\u00aa parte"},"content":{"rendered":"<p>No me puedo creer que me hayan vuelto a colar una trilog\u00eda. \u00a1No puede ser! <\/p>\n<p>La semana pasada en Orell F\u00fcssli, mientras buscaba un libro de Jennifer Echols \u2013que por supuesto no ten\u00edan\u2013, mis ojos se sintieron atraidos por una portada sencilla, que trasmit\u00eda calma, y un t\u00edtulo atrayente: &#8220;My name is memory&#8221; de Ann Brashares. Como me gust\u00f3 mucho el estilo de Brashares en &#8220;The sisterhood of the travelling pants&#8221; y el resumen de la contraportada era super interesante, no dud\u00e9 en comprarlo&#8230; <\/p>\n<p>Ayer lo busqu\u00e9 en amazon.de para buscar rese\u00f1as y opiniones sobre el libro&#8230; para encontrarme con que el libro sali\u00f3 el 1 de junio (yo lo compr\u00e9 ese d\u00eda, creo) y que el libro acaba abruptamente en el momento \u00e1lgido de la acci\u00f3n, lo cual lo delat\u00f3 como el primero de una serie, trilog\u00eda o lo que sea. Eso s\u00ed, no ten\u00eda pruebas. En el libro no dice nada por ninguna parte y en la p\u00e1gina web de la autora tampoco. Pero encontr\u00e9 un link a una noticia sobre una productora que ha comprado los derechos para llevarlo al cine y ah\u00ed me dicen que es una serie de tres libros T_______T \u00bfPor qu\u00e9? \u00bfPor qu\u00e9? \u00bfPor qu\u00e9? \u00bfPor qu\u00e9? \u00bfEs que no pueden escribir un libro \u00fanico sin necesidad de que sea una serie\/trilog\u00eda\/saga\/*insertar forma de publicar libros en partes*?<\/p>\n<p>Eso s\u00ed, el libro parece super interesante *_______________*<\/p>\n<p><strong><span style=\"font-size:120%\">My name is memory<\/span><br \/>\nAnn Brashares<\/strong><\/p>\n<p><img loading=\"lazy\" decoding=\"async\" src=\"http:\/\/lapecera.ch\/wp-content\/uploads\/2010\/06\/cover-my-name-is-memory-197x300.jpg\" alt=\"\" title=\"cover-my-name-is-memory\" width=\"197\" height=\"300\" class=\"alignnone size-medium wp-image-995\" srcset=\"https:\/\/blog.lapecera.ch\/wp-content\/uploads\/2010\/06\/cover-my-name-is-memory-197x300.jpg 197w, https:\/\/blog.lapecera.ch\/wp-content\/uploads\/2010\/06\/cover-my-name-is-memory.jpg 300w\" sizes=\"auto, (max-width: 197px) 100vw, 197px\" \/><\/p>\n<blockquote><p>La historia de un amor m\u00e1s larga que toda una vida.<\/p>\n<p>Daniel ha pasado siglos enamor\u00e1ndose una y otra vez de la misma chica. Vida tras vida, cruzando continentes y dinast\u00edas, \u00e9l y Sophia se han sentido atra\u00eddos el uno por el otro &#8211; y el lo recuerda todo. Daniel tiene &#8220;La Memoria&#8221;, la habilidad de recordar todas sus vidas pasadas y reconocer las almas de aquellos que conoci\u00f3. Es un don y una maldici\u00f3n. Todas las veces que Sophia y \u00e9l se encontraban a lo largo de la historia y se enamoraban, siempre acaban siendo separados con mucho dolor. Una historia de amor demasiada corta, siempre. <\/p>\n<p>Pero justo ahora cuando Sophia (Lucy en el tiempo actual) empieza por fin a despertar y recordar el secreto de su vida juntos, la misteriosa fuerza que siempre les separa reaparece. Al final, tendr\u00e1n que descubrir qu\u00e9 es lo que se interpone en su amor, si quieren ser capaces de pasar una vida entera juntos. <span style=\"font-size:75%\">(traducci\u00f3n paratera hecha por <em>lamendalerenda<\/em>)<\/span><\/p><\/blockquote>\n<p>\u00bfNo mola el argumento? Pues, imagino, que este ser\u00e1 el pr\u00f3ximo libro que lea, a no ser que encuentre alg\u00fan otro antes que no forme parte de trilog\u00eda alguna y me interese un poquito m\u00e1s xDD<\/p>\n<p>Voy a seguir con los <em>Testconnectoren<\/em> v.v<\/p>\n<p>Con esto y un bizcocho&#8230; Besos<br \/>\nCris<\/p>\n","protected":false},"excerpt":{"rendered":"<p>No me puedo creer que me hayan vuelto a colar una trilog\u00eda. \u00a1No puede ser! La semana pasada en Orell F\u00fcssli, mientras buscaba un libro de Jennifer Echols \u2013que por supuesto no ten\u00edan\u2013, mis ojos se sintieron atraidos por una portada sencilla, que trasmit\u00eda calma, y un t\u00edtulo atrayente: &#8220;My name is memory&#8221; de Ann [&hellip;]<\/p>\n","protected":false},"author":3,"featured_media":0,"comment_status":"open","ping_status":"closed","sticky":false,"template":"","format":"standard","meta":{"footnotes":""},"categories":[],"tags":[],"class_list":["post-994","post","type-post","status-publish","format-standard","hentry"],"_links":{"self":[{"href":"https:\/\/blog.lapecera.ch\/index.php?rest_route=\/wp\/v2\/posts\/994","targetHints":{"allow":["GET"]}}],"collection":[{"href":"https:\/\/blog.lapecera.ch\/index.php?rest_route=\/wp\/v2\/posts"}],"about":[{"href":"https:\/\/blog.lapecera.ch\/index.php?rest_route=\/wp\/v2\/types\/post"}],"author":[{"embeddable":true,"href":"https:\/\/blog.lapecera.ch\/index.php?rest_route=\/wp\/v2\/users\/3"}],"replies":[{"embeddable":true,"href":"https:\/\/blog.lapecera.ch\/index.php?rest_route=%2Fwp%2Fv2%2Fcomments&post=994"}],"version-history":[{"count":0,"href":"https:\/\/blog.lapecera.ch\/index.php?rest_route=\/wp\/v2\/posts\/994\/revisions"}],"wp:attachment":[{"href":"https:\/\/blog.lapecera.ch\/index.php?rest_route=%2Fwp%2Fv2%2Fmedia&parent=994"}],"wp:term":[{"taxonomy":"category","embeddable":true,"href":"https:\/\/blog.lapecera.ch\/index.php?rest_route=%2Fwp%2Fv2%2Fcategories&post=994"},{"taxonomy":"post_tag","embeddable":true,"href":"https:\/\/blog.lapecera.ch\/index.php?rest_route=%2Fwp%2Fv2%2Ftags&post=994"}],"curies":[{"name":"wp","href":"https:\/\/api.w.org\/{rel}","templated":true}]}}