{"id":990,"date":"2010-06-07T12:33:34","date_gmt":"2010-06-07T10:33:34","guid":{"rendered":"http:\/\/lapecera.ch\/?p=990"},"modified":"2010-06-07T12:33:34","modified_gmt":"2010-06-07T10:33:34","slug":"thinking-positive-ii","status":"publish","type":"post","link":"https:\/\/blog.lapecera.ch\/?p=990","title":{"rendered":"Thinking positive (II)"},"content":{"rendered":"<p><img loading=\"lazy\" decoding=\"async\" src=\"http:\/\/lapecera.ch\/wp-content\/uploads\/2010\/05\/positive.jpg\" alt=\"\" title=\"positive\" width=\"103\" height=\"320\" class=\"alignright size-full wp-image-945\" srcset=\"https:\/\/blog.lapecera.ch\/wp-content\/uploads\/2010\/05\/positive.jpg 103w, https:\/\/blog.lapecera.ch\/wp-content\/uploads\/2010\/05\/positive-97x300.jpg 97w\" sizes=\"auto, (max-width: 103px) 100vw, 103px\" \/>El disco va form\u00e1ndose. A\u00f1adimos las propuestas m\u00e1s un par de canciones de la vieja recopilaci\u00f3n y la nueva versi\u00f3n de &#8220;Wavin&#8217; flag&#8221;&#8230; <\/p>\n<p><strong>The Climb <\/strong>\u2013 Miley Cyrus<br \/>\n<strong>No boundaries <\/strong>\u2013 Adam Lambert<br \/>\n<strong>I gotta feeling <\/strong>&#8211; Black Eyed Peas<br \/>\n<strong>We weren&#8217;t born to follow <\/strong>&#8211; Bon Jovi<br \/>\n<strong>Here comes the sun <\/strong>&#8211; The Beatles<br \/>\n<strong>I&#8217;m gonna be <\/strong>&#8211; The Proclaimers<br \/>\n<strong>The sweetest thing <\/strong>&#8211; U2<br \/>\n<strong>For\u00e7a <\/strong>&#8211; Nelly Furtado<br \/>\n<strong>Wavin&#8217; flag (Coca Cola Celebration Mix) <\/strong>&#8211; K&#8217;Naan<br \/>\n<strong>Adelante <\/strong>&#8211; Naraia<br \/>\n<strong>It&#8217;s only life <\/strong>&#8211; Kate Voegele<\/p>\n<p>Me gustar\u00eda algo en alem\u00e1n, pero no se me ocurre ninguna, aunque &#8220;Stadt&#8221; de Cassandra Steen y Adel Tawil (ich+ich) se hace camino en mis o\u00eddos fO.o <\/p>\n<p>Y por supuesto, sigo aceptando propuestas \ud83d\ude09<\/p>\n<p>Con esto y un bizcocho&#8230; Besos<br \/>\nCris<\/p>\n","protected":false},"excerpt":{"rendered":"<p>El disco va form\u00e1ndose. A\u00f1adimos las propuestas m\u00e1s un par de canciones de la vieja recopilaci\u00f3n y la nueva versi\u00f3n de &#8220;Wavin&#8217; flag&#8221;&#8230; The Climb \u2013 Miley Cyrus No boundaries \u2013 Adam Lambert I gotta feeling &#8211; Black Eyed Peas We weren&#8217;t born to follow &#8211; Bon Jovi Here comes the sun &#8211; The Beatles [&hellip;]<\/p>\n","protected":false},"author":3,"featured_media":0,"comment_status":"open","ping_status":"closed","sticky":false,"template":"","format":"standard","meta":{"footnotes":""},"categories":[],"tags":[],"class_list":["post-990","post","type-post","status-publish","format-standard","hentry"],"_links":{"self":[{"href":"https:\/\/blog.lapecera.ch\/index.php?rest_route=\/wp\/v2\/posts\/990","targetHints":{"allow":["GET"]}}],"collection":[{"href":"https:\/\/blog.lapecera.ch\/index.php?rest_route=\/wp\/v2\/posts"}],"about":[{"href":"https:\/\/blog.lapecera.ch\/index.php?rest_route=\/wp\/v2\/types\/post"}],"author":[{"embeddable":true,"href":"https:\/\/blog.lapecera.ch\/index.php?rest_route=\/wp\/v2\/users\/3"}],"replies":[{"embeddable":true,"href":"https:\/\/blog.lapecera.ch\/index.php?rest_route=%2Fwp%2Fv2%2Fcomments&post=990"}],"version-history":[{"count":0,"href":"https:\/\/blog.lapecera.ch\/index.php?rest_route=\/wp\/v2\/posts\/990\/revisions"}],"wp:attachment":[{"href":"https:\/\/blog.lapecera.ch\/index.php?rest_route=%2Fwp%2Fv2%2Fmedia&parent=990"}],"wp:term":[{"taxonomy":"category","embeddable":true,"href":"https:\/\/blog.lapecera.ch\/index.php?rest_route=%2Fwp%2Fv2%2Fcategories&post=990"},{"taxonomy":"post_tag","embeddable":true,"href":"https:\/\/blog.lapecera.ch\/index.php?rest_route=%2Fwp%2Fv2%2Ftags&post=990"}],"curies":[{"name":"wp","href":"https:\/\/api.w.org\/{rel}","templated":true}]}}