{"id":99,"date":"2007-07-18T12:18:00","date_gmt":"2007-07-18T10:18:00","guid":{"rendered":"http:\/\/lapecera.ch\/?p=99"},"modified":"2007-07-18T12:18:00","modified_gmt":"2007-07-18T10:18:00","slug":"sawadii-kaa","status":"publish","type":"post","link":"https:\/\/blog.lapecera.ch\/?p=99","title":{"rendered":"Sawadii-kaa"},"content":{"rendered":"<p>Hola a todos y todas, hace dos d\u00edas que he vuelto y ya estoy de nuevo en el curro T____T<\/p>\n<p>No me voy a poner a contar sobre las vacaciones ahora por la sencilla raz\u00f3n de que hay mucho que contar, muchas fotos que colgar y tengo mucho trabajo que hacer. Sin embargo, quer\u00eda dejarme caer por aqu\u00ed para que supierais que estoy de vuelta, que estoy bien, aunque el viaje de vuelta me dejase hecha polvo, y que volver\u00e9 a contaros mis aventuras en el reino de Tailandia poquito a poco. <\/p>\n<p>Y como lo prometido es deuda y os promet\u00ed que os contar\u00eda qu\u00e9 tal fue la actuaci\u00f3n en la Hoffest, os la voy a resumir: <\/p>\n<p>Para empezar durante todo el d\u00eda no dejaban de preguntarme si estaba nerviosa. Y yo estaba nerviosa, pero no por actuar, sino por el viaje que ten\u00eda en puertas para el d\u00eda siguiente xDD La Hoffest empezaba oficialmente a las 5, pero como a esa hora no hab\u00eda nadie, decid\u00ed irme a casa y cambiarme all\u00ed de ropa. As\u00ed quedaba ya con Christoph y Tatiana e ibamos los tres juntos. Pa cuando llegamos a eso de las 7 y media, estaba el patio lleno O.O La comida estaba buenisima, el ambiente fue genial, la banda de Silvio estaba bastante bien&#8230; Vamos, que nos pudimos relajar bien&#8230; Hasta las 9 de la noche que fue cuando nos toc\u00f3 cantar. <\/p>\n<p>Al final cantamos &#8220;Sweet home Alabama&#8221;, &#8220;Don&#8217;t Stop&#8221;, &#8220;Whatever you want&#8221;, &#8220;Sometimes&#8221; y &#8220;U + Ur Hand&#8221;, y salvo porque Katharina hab\u00eda bebido tanto que se le olvid\u00f3 la letra en varias ocasiones, que yo me qued\u00e9 a medias en el estribillo de &#8220;U + Ur Hand&#8221; y que a los m\u00fasicos se les fue en alguna que otra ocasi\u00f3n las notas, no estuvo mal xDD Podr\u00eda haber salido peor xDDD Interesante fue ver la reacci\u00f3n de amigos, compa\u00f1eros y dem\u00e1s gente despu\u00e9s de la actuaci\u00f3n. La mujer del jefe me dijo que le gustaba mucho mi voz y que era impresionante ver el cambio que se produc\u00eda en m\u00ed cuando me pon\u00eda a cantar (porque normalmente parezco una mosquita muerta xD) y la cantante del grupo de Silvo, Miriam, me dijo que ten\u00eda talento ^___^ En general, todos nos felicitaron y nosotros nos quedamos m\u00e1s contentos que unas pascuas. <\/p>\n<p>Hoy me enter\u00e9 de que mi querida compa\u00f1era de escenario hab\u00eda bebido tanto que no recuerda nada a partir de las 8 de la noche, pero, eso s\u00ed, ella cant\u00f3, soborn\u00f3 a unos polis con un par de botellas de vino blanco para que no nos pusieran una multa por el ruido que estabamos provocando, pag\u00f3 al catering y al personal contratado, cerr\u00f3 la fiesta a las 3 de la ma\u00f1ana&#8230; xDDDD<\/p>\n<p>Aqu\u00ed os dejo un peque\u00f1o video del punto final de la actuaci\u00f3n, no se ve gran cosa, pero es todo lo que tengo. Katharina hizo un video con su c\u00e1mara, pero a\u00fan tiene que digitalizarlo y convertirlo en DVD&#8230; Y eso llevar\u00e1 algo de tiempo T____T As\u00ed que, \u00a1paciencia, piollos!<\/p>\n<p><a href=\"http:\/\/lapecera.ch\/lapecera.ch\/hoffest.mpg\">Peque\u00f1o adelanto \ud83d\ude09<\/a><\/p>\n<p>Volver\u00e9 pronto con mis aventuras thais y las fotos \ud83d\ude09<\/p>\n<p>Con esto y un bizcocho&#8230; Besos<br \/>Cris<\/p>\n<p>PS: Se me olvidaba. &#8220;Sawadii-kaa&#8221; es un saludo parecido a &#8220;Hola&#8221; o &#8220;Buenos d\u00edas&#8221; en tailand\u00e9s. La particula &#8220;Kaa&#8221; la dicen las mujeres, los hombres dicen &#8220;Kap&#8221;&#8230; xDD Y he cambiado la m\u00fasica, ahora est\u00e1 puesto &#8220;Summer Wine&#8221; de Ville Valo y Natalia Avelon que sale en la BSO de &#8220;Das wilde Leben&#8221;, un biopic de Uschi Obermaier. La peli no la he visto, la canci\u00f3n de encanta (tengo que buscar la original de Nancy Sinatra). \u00a1Que la disfruten! \ud83d\ude09<\/p>\n","protected":false},"excerpt":{"rendered":"<p>Hola a todos y todas, hace dos d\u00edas que he vuelto y ya estoy de nuevo en el curro T____T No me voy a poner a contar sobre las vacaciones ahora por la sencilla raz\u00f3n de que hay mucho que contar, muchas fotos que colgar y tengo mucho trabajo que hacer. Sin embargo, quer\u00eda dejarme [&hellip;]<\/p>\n","protected":false},"author":3,"featured_media":0,"comment_status":"open","ping_status":"closed","sticky":false,"template":"","format":"standard","meta":{"footnotes":""},"categories":[],"tags":[],"class_list":["post-99","post","type-post","status-publish","format-standard","hentry"],"_links":{"self":[{"href":"https:\/\/blog.lapecera.ch\/index.php?rest_route=\/wp\/v2\/posts\/99","targetHints":{"allow":["GET"]}}],"collection":[{"href":"https:\/\/blog.lapecera.ch\/index.php?rest_route=\/wp\/v2\/posts"}],"about":[{"href":"https:\/\/blog.lapecera.ch\/index.php?rest_route=\/wp\/v2\/types\/post"}],"author":[{"embeddable":true,"href":"https:\/\/blog.lapecera.ch\/index.php?rest_route=\/wp\/v2\/users\/3"}],"replies":[{"embeddable":true,"href":"https:\/\/blog.lapecera.ch\/index.php?rest_route=%2Fwp%2Fv2%2Fcomments&post=99"}],"version-history":[{"count":0,"href":"https:\/\/blog.lapecera.ch\/index.php?rest_route=\/wp\/v2\/posts\/99\/revisions"}],"wp:attachment":[{"href":"https:\/\/blog.lapecera.ch\/index.php?rest_route=%2Fwp%2Fv2%2Fmedia&parent=99"}],"wp:term":[{"taxonomy":"category","embeddable":true,"href":"https:\/\/blog.lapecera.ch\/index.php?rest_route=%2Fwp%2Fv2%2Fcategories&post=99"},{"taxonomy":"post_tag","embeddable":true,"href":"https:\/\/blog.lapecera.ch\/index.php?rest_route=%2Fwp%2Fv2%2Ftags&post=99"}],"curies":[{"name":"wp","href":"https:\/\/api.w.org\/{rel}","templated":true}]}}