{"id":984,"date":"2010-06-07T09:00:38","date_gmt":"2010-06-07T07:00:38","guid":{"rendered":"http:\/\/lapecera.ch\/?p=984"},"modified":"2010-06-07T09:00:38","modified_gmt":"2010-06-07T07:00:38","slug":"dia-27-un-libro-cuya-figura-principal-se-corresponde-con-mi-ideal","status":"publish","type":"post","link":"https:\/\/blog.lapecera.ch\/?p=984","title":{"rendered":"[D\u00eda 27] Un libro cuya figura principal se corresponde con mi &#8220;ideal&#8221;"},"content":{"rendered":"<p>No s\u00e9 a qu\u00e9 se refieren con &#8220;ideal&#8221;. Si tuviese que ser un hombre, tendr\u00edamos un problema. No, yo no soy una fan de Mr. Darcy xDD Pero s\u00ed que tengo una &#8220;idola&#8221; literaria y su nombre es <a href=\"http:\/\/lapecera.ch\/2008\/04\/yo-de-mayor-quiero-ser-bee-vreeland\/\">Bridget &#8220;Bee&#8221; Vreeland<\/a> de &#8220;The sisterhood of the travelling pants&#8221;, especialmente la Bee del segundo y el tercer libro. <\/p>\n<p><strong><span style=\"font-size:120%\">Summers of the Sisterhood<\/span><br \/>\nAnn Brashares<\/strong><\/p>\n<p><img loading=\"lazy\" decoding=\"async\" src=\"http:\/\/lapecera.ch\/wp-content\/uploads\/2010\/06\/summer.jpg\" alt=\"\" title=\"summer\" width=\"150\" height=\"230\" class=\"alignnone size-full wp-image-985\" \/><\/p>\n<p>Bee Vreeland, m\u00e1s que mi &#8220;idola&#8221; literaria, es mi &#8220;idola&#8221; deportiva. Me gustar\u00eda alg\u00fan d\u00eda poder a llegar a disfrutar del deporte de la manera que ella lo hace. Hasta ahora no recuerdo haber encontrado nunca otro personaje de un libro al que admirase tanto&#8230; Y eso que es una adolescente \ud83d\ude1b<\/p>\n<p>\u00a1Hala! Os dejo, voy a seguir trabajando v.v<\/p>\n<p>Con esto y un bizcocho&#8230; Besos<br \/>\nCris<\/p>\n<p>PS: El p\u00e1jaro o se ha ido a su nido o se lo ha comido el gato. Hoy por la ma\u00f1ana no hab\u00eda ni rastro de \u00e9l&#8230; Esperemos que haya sido lo primero y ahora est\u00e9 en casita con sus polluelos \ud83d\ude42<\/p>\n","protected":false},"excerpt":{"rendered":"<p>No s\u00e9 a qu\u00e9 se refieren con &#8220;ideal&#8221;. Si tuviese que ser un hombre, tendr\u00edamos un problema. No, yo no soy una fan de Mr. Darcy xDD Pero s\u00ed que tengo una &#8220;idola&#8221; literaria y su nombre es Bridget &#8220;Bee&#8221; Vreeland de &#8220;The sisterhood of the travelling pants&#8221;, especialmente la Bee del segundo y el [&hellip;]<\/p>\n","protected":false},"author":3,"featured_media":0,"comment_status":"open","ping_status":"closed","sticky":false,"template":"","format":"standard","meta":{"footnotes":""},"categories":[],"tags":[],"class_list":["post-984","post","type-post","status-publish","format-standard","hentry"],"_links":{"self":[{"href":"https:\/\/blog.lapecera.ch\/index.php?rest_route=\/wp\/v2\/posts\/984","targetHints":{"allow":["GET"]}}],"collection":[{"href":"https:\/\/blog.lapecera.ch\/index.php?rest_route=\/wp\/v2\/posts"}],"about":[{"href":"https:\/\/blog.lapecera.ch\/index.php?rest_route=\/wp\/v2\/types\/post"}],"author":[{"embeddable":true,"href":"https:\/\/blog.lapecera.ch\/index.php?rest_route=\/wp\/v2\/users\/3"}],"replies":[{"embeddable":true,"href":"https:\/\/blog.lapecera.ch\/index.php?rest_route=%2Fwp%2Fv2%2Fcomments&post=984"}],"version-history":[{"count":0,"href":"https:\/\/blog.lapecera.ch\/index.php?rest_route=\/wp\/v2\/posts\/984\/revisions"}],"wp:attachment":[{"href":"https:\/\/blog.lapecera.ch\/index.php?rest_route=%2Fwp%2Fv2%2Fmedia&parent=984"}],"wp:term":[{"taxonomy":"category","embeddable":true,"href":"https:\/\/blog.lapecera.ch\/index.php?rest_route=%2Fwp%2Fv2%2Fcategories&post=984"},{"taxonomy":"post_tag","embeddable":true,"href":"https:\/\/blog.lapecera.ch\/index.php?rest_route=%2Fwp%2Fv2%2Ftags&post=984"}],"curies":[{"name":"wp","href":"https:\/\/api.w.org\/{rel}","templated":true}]}}