{"id":98,"date":"2007-06-25T12:51:00","date_gmt":"2007-06-25T10:51:00","guid":{"rendered":"http:\/\/lapecera.ch\/?p=98"},"modified":"2007-06-25T12:51:00","modified_gmt":"2007-06-25T10:51:00","slug":"y-las-moscas-muerden-%c2%ac%c2%ac","status":"publish","type":"post","link":"https:\/\/blog.lapecera.ch\/?p=98","title":{"rendered":"Y las moscas muerden \u00ac\u00ac"},"content":{"rendered":"<p>El t\u00edtulo de hoy est\u00e1 relacionado con el de &#8220;<a href=\"http:\/\/www.lapecera.ch\/2006\/08\/las-aranas-saben-nadar\" target=\"_blank\">Las ara\u00f1as saben nadar<\/a>&#8221; sobre nuestra acampada del a\u00f1o pasado en Seelisberg. Este fin de semana hemos vuelto a tan id\u00edlico lugar.<\/p>\n<p>Bueno, empecemos porque Christoph estaba subido a una parra de la felicidad que le embargaba el haberse comprado un equipo de m\u00fasica megasuperchachiguay que suena de p*** madre y es maravilloso (aunque a m\u00ed lo que m\u00e1s me mola es la ip-radio con 181 estaciones de radio espa\u00f1olas y 20 que s\u00f3lo ponen m\u00fasica de pel\u00edculas *\u00ac*).<\/p>\n<p>El caso es que el s\u00e1bado por la ma\u00f1ana, despues de habernos acostado el viernes a las 2 de la ma\u00f1ana tras una pelea encarnizada con las mochilas y tres cap\u00edtulos de &#8220;Prison Break&#8221;, Chris y yo cogimos el tren a las 9 para encontrarnos en Olten a las 9 y media con Christin que nos llevar\u00eda en coche hasta el camping (Martin, su marido, fue en bici :S Migge y Ralph ya subieron el viernes).<\/p>\n<p>Llegamos a las 11 y algo y nos fuimos a comprar la comida: pan, carne y queso&#8230; Luego nos fuimos al camping donde Martin ya nos esperaba y <a href=\"http:\/\/www.lapecera.ch\/uploaded_images\/20-727058.jpg\" rel=\"example3\"><img decoding=\"async\" style=\"float:left; margin:10px 10px 10px 0px;\" src=\"http:\/\/www.lapecera.ch\/uploaded_images\/20-727053.jpg\" border=\"0\" alt=\"\" \/><\/a>nos pusimos a montar las tiendas de campa\u00f1a. Despu\u00e9s de comer, nos pusimos en marcha hacia el R\u00fctli-Wiese&#8230; El prado de R\u00fctli es un legendario lugar donde se dice que se creo la Confederaci\u00f3n Helv\u00e9tica en 1291 mediante un acuerdo entre los cantones de Uri, Schwyz y Unterwalden (hoy los semicantones Nid- y Obwalden). Todos los a\u00f1os por la fiesta nacional suiza, el 1 de agosto, se monta una fiesta all\u00ed (que suele fastidiarse por culpa de los nacionalista radicales ultraderechistas \u00ac\u00ac). Curiosamente para (casi todos) los suizos con los que fui, era la primera vez que pisaban tan m\u00edtico lugar. Vamos, que yo no era la \u00fanica&#8230; *muajajajajaja*<\/p>\n<p>Despu\u00e9s de descansar un ratito tumbados junto a la bandera suiza disfrutando de los cuatro rayos de sol que calentaban en ese momento, volvimos al camping. Los chicos se dieron un ba\u00f1ito en el agua de 18\u00b0, mientras Christin y yo cotilleabamos nuestras nuevas adquisiciones en materia outdoor xDDD Cenamos y luego estuvimos jugando al badmington: Migge y yo contra Ralph y Christoph, mientras Martin y Christin jugaban a f\u00fatbol (casi me la lesiona, ser\u00e1 bestia xDD)&#8230; El caso es que al final acabamos jugando Christin y yo contra Ralph, cuando ya casi no se ve\u00eda con la l\u00e1mpara de gas puesta debajo de la red xDDDD Evidentemente, no ve\u00edamos a pluma hasta que no se nos ca\u00eda a los pies xDDDD Mientras nosotros nos peleabamos con la pluma, encendieron un fuego e hicieron caf\u00e9. Eran las 11 y media, cuando decidimos a irnos a la cama xDDD<\/p>\n<p>Al d\u00eda siguiente despues de desayunar, nos fuimos a jugar, primero a badmington hasta que las plumas se rompieron y luego a voley con el peligro de que si la pelota ca\u00eda al agua&#8230; hab\u00eda que ir a buscarla&#8230; Y a m\u00ed me toc\u00f3 meterme al agua hasta el muslo para ir a buscarla xDDD Luego mientras jugabamos un t\u00e1bano me mordi\u00f3 en la rodilla \u00ac\u00ac Lo pill\u00e9 cuando se estaba dando un fest\u00edn con mi l\u00edquido de la vida y me dej\u00f3 el mordisco sangrando cual vampiro, as\u00ed que dej\u00e9 de jugar y me fui a echar algo de betadine (adem\u00e1s, ten\u00eda las manos y los brazos hechos una mierda de darle a la pelota de voley :P). La comida fue tambi\u00e9n parrilla y comimos al sol, excepto Christoph y su maravillosa umbrella&#8230; Por supuesto, Cristina se quem\u00f3 los hombros por los lugares por donde no me hab\u00eda extendido bien la crema de sol \u00ac\u00ac Al final, recogimos todo y pa las cinco ya estabamos montados en el coche de Ralph (tambi\u00e9n conocido como Descht) camino de Olten&#8230;<\/p>\n<p>La conclusi\u00f3n de otro fin de semana a la aventura es: No hay nada como mi casa Y MI CAMA, y desde ya puedo afirmar con casi total seguridad que no me gusta viajar. No me gusta el estr\u00e9s previo, no me gusta no disponer de las comodidades de mi casa&#8230; Las ventajas de los viajes, al menos, en mi caso, no son capaces de superar a los inconvenientes. Supongo que soy y siempre ser\u00e9 una chica de ciudad&#8230; Eso s\u00ed, no voy a dejar de ir de camping. Y ya estoy planificando las vacaciones del a\u00f1o que viene&#8230; Pero que quede claro, \u00a1no me gusta viajar!<\/p>\n<p>Las fotos del finde pod\u00e9is encontrarlas en <a href=\"http:\/\/picasaweb.google.com\/papalbina\" target=\"_blank\">Picasa<\/a>. \u00a1Ah! Y en General hay una nueva secci\u00f3n&#8230; \u00a1hmmm! mejor galer\u00eda, llamada <a href=\"http:\/\/www.lapecera.ch\/lapecera.ch\/fotos\/peceradas\" target=\"_blank\">Peceradas<\/a>&#8230; Echadle un vistazo \ud83d\ude09<\/p>\n<p>Y esto es todo de momento. Volver\u00e9 despu\u00e9s de mis vacaciones por all\u00e1 pal Oriente.<\/p>\n<p>Con esto y un bizcocho&#8230; Besos<br \/>Cris<\/p>\n","protected":false},"excerpt":{"rendered":"<p>El t\u00edtulo de hoy est\u00e1 relacionado con el de &#8220;Las ara\u00f1as saben nadar&#8221; sobre nuestra acampada del a\u00f1o pasado en Seelisberg. Este fin de semana hemos vuelto a tan id\u00edlico lugar. Bueno, empecemos porque Christoph estaba subido a una parra de la felicidad que le embargaba el haberse comprado un equipo de m\u00fasica megasuperchachiguay que [&hellip;]<\/p>\n","protected":false},"author":3,"featured_media":0,"comment_status":"open","ping_status":"closed","sticky":false,"template":"","format":"standard","meta":{"footnotes":""},"categories":[],"tags":[],"class_list":["post-98","post","type-post","status-publish","format-standard","hentry"],"_links":{"self":[{"href":"https:\/\/blog.lapecera.ch\/index.php?rest_route=\/wp\/v2\/posts\/98","targetHints":{"allow":["GET"]}}],"collection":[{"href":"https:\/\/blog.lapecera.ch\/index.php?rest_route=\/wp\/v2\/posts"}],"about":[{"href":"https:\/\/blog.lapecera.ch\/index.php?rest_route=\/wp\/v2\/types\/post"}],"author":[{"embeddable":true,"href":"https:\/\/blog.lapecera.ch\/index.php?rest_route=\/wp\/v2\/users\/3"}],"replies":[{"embeddable":true,"href":"https:\/\/blog.lapecera.ch\/index.php?rest_route=%2Fwp%2Fv2%2Fcomments&post=98"}],"version-history":[{"count":0,"href":"https:\/\/blog.lapecera.ch\/index.php?rest_route=\/wp\/v2\/posts\/98\/revisions"}],"wp:attachment":[{"href":"https:\/\/blog.lapecera.ch\/index.php?rest_route=%2Fwp%2Fv2%2Fmedia&parent=98"}],"wp:term":[{"taxonomy":"category","embeddable":true,"href":"https:\/\/blog.lapecera.ch\/index.php?rest_route=%2Fwp%2Fv2%2Fcategories&post=98"},{"taxonomy":"post_tag","embeddable":true,"href":"https:\/\/blog.lapecera.ch\/index.php?rest_route=%2Fwp%2Fv2%2Ftags&post=98"}],"curies":[{"name":"wp","href":"https:\/\/api.w.org\/{rel}","templated":true}]}}