{"id":978,"date":"2010-06-06T19:39:28","date_gmt":"2010-06-06T17:39:28","guid":{"rendered":"http:\/\/lapecera.ch\/?p=978"},"modified":"2010-06-06T19:39:28","modified_gmt":"2010-06-06T17:39:28","slug":"dia-26-un-libro-que-leeria-a-mis-hijos","status":"publish","type":"post","link":"https:\/\/blog.lapecera.ch\/?p=978","title":{"rendered":"[D\u00eda 26] Un libro que leer\u00eda a mis hijos"},"content":{"rendered":"<p>Los que me conozcan sabr\u00e1n lo disparatado que resulta el t\u00edtulo de este post. \u00bfMis hijos? xDD En fin, para que no resulte todo lo rid\u00edculo que podr\u00eda llegar a ser, le cambiamos el t\u00edtulo, ponemos &#8220;Un libro que leer\u00eda a mis <del datetime=\"2010-06-06T16:52:02+00:00\">hijos<\/del>sobrinos&#8221; y ya est\u00e1 xD La lista es bastante completita, la incorporaci\u00f3n m\u00e1s reciente a &#8220;B\u00fccher zum Vorlesen&#8221; ha sido \u00e9ste: <\/p>\n<p><strong><span style=\"font-size: 120%\">Pu der B\u00e4r<\/span><br \/>\nA. A. Milne<\/strong><\/p>\n<p><img loading=\"lazy\" decoding=\"async\" src=\"http:\/\/lapecera.ch\/wp-content\/uploads\/2010\/06\/cover-100x100.jpg\" alt=\"\" title=\"cover\" width=\"100\" height=\"100\" class=\"alignnone size-thumbnail wp-image-979\" \/><\/p>\n<p>A\u00fan no lo he le\u00eddo, pero quiero hacerlo y quiz\u00e1 pueda le\u00e9rsolo a Janis, Raphael y Luana cuando vengan de visita alg\u00fan d\u00eda, aunque m\u00e1s bien tendr\u00e1 que hacerlo Christoph&#8230; que yo, alem\u00e1n y leer en alto no nos llevamos muy bien \ud83d\ude1b Lo que m\u00e1s me interesar\u00eda ser\u00eda poder descubrirle a los ni\u00f1os el mundo de la lectura&#8230; Con \u00e9ste o con cualquier otro libro&#8230; La idea es convertirlos en <em>B\u00fccherw\u00fcrme <\/em>*muajajajajaja*<\/p>\n<p>Por mi parte no recuerdo que nadie me leyese los libros cuando era peque\u00f1a. Tampoco estoy segura de si me habr\u00eda gustado (o si me gustaba)&#8230; Aunque quiz\u00e1 hubiese ayudado a mi concentraci\u00f3n cuando alguien lee en alto, porque nunca he sido capaz de entender ni la mitad de lo que est\u00e1n ley\u00e9ndome xDDD<\/p>\n<p>Hoy al mediod\u00eda un pajarillo se peg\u00f3 una leche contra las ventanas de la terraza de arriba, cay\u00f3 sobre nuestro toldo y aterriz\u00f3 delante de nuestra casa. Primero pens\u00e9 que estaba muerto y no me atrev\u00ed a tocarlo. Y luego vi que respiraba y no me atrev\u00ed a tocarlo tampoco xDD Lo dej\u00e9 donde estaba, pero me sent\u00e9 en la terraza a controlar que ning\u00fan gato se comiese al pajarillo&#8230; A eso de las cinco ya pod\u00eda volar y se mov\u00eda, pero estaba muy desorientado y no era capaz de alzar el vuelto de verdad&#8230; Eso s\u00ed, se fue de delante de nuestra casa en direcci\u00f3n a la de los vecinos. Actualmente est\u00e1 lloviendo a cantaros y la \u00faltima vez que mir\u00e9 el pobre bicho estaba debajo del ala de una maceta refugi\u00e1ndose&#8230; \u00a1Jo! Espero que los tigres del vecinadario no le pillen antes de haber recuperado todas sus fuerzas, \u00a1pobrecillo!<\/p>\n<p>Os voy dejando, voy a ver si el p\u00e1jaro sigue donde estaba y a seguir leyendo \ud83d\ude09<\/p>\n<p>Con esto y un bizcocho&#8230; Besos<br \/>\nCris<\/p>\n","protected":false},"excerpt":{"rendered":"<p>Los que me conozcan sabr\u00e1n lo disparatado que resulta el t\u00edtulo de este post. \u00bfMis hijos? xDD En fin, para que no resulte todo lo rid\u00edculo que podr\u00eda llegar a ser, le cambiamos el t\u00edtulo, ponemos &#8220;Un libro que leer\u00eda a mis hijossobrinos&#8221; y ya est\u00e1 xD La lista es bastante completita, la incorporaci\u00f3n m\u00e1s [&hellip;]<\/p>\n","protected":false},"author":3,"featured_media":0,"comment_status":"open","ping_status":"closed","sticky":false,"template":"","format":"standard","meta":{"footnotes":""},"categories":[],"tags":[],"class_list":["post-978","post","type-post","status-publish","format-standard","hentry"],"_links":{"self":[{"href":"https:\/\/blog.lapecera.ch\/index.php?rest_route=\/wp\/v2\/posts\/978","targetHints":{"allow":["GET"]}}],"collection":[{"href":"https:\/\/blog.lapecera.ch\/index.php?rest_route=\/wp\/v2\/posts"}],"about":[{"href":"https:\/\/blog.lapecera.ch\/index.php?rest_route=\/wp\/v2\/types\/post"}],"author":[{"embeddable":true,"href":"https:\/\/blog.lapecera.ch\/index.php?rest_route=\/wp\/v2\/users\/3"}],"replies":[{"embeddable":true,"href":"https:\/\/blog.lapecera.ch\/index.php?rest_route=%2Fwp%2Fv2%2Fcomments&post=978"}],"version-history":[{"count":0,"href":"https:\/\/blog.lapecera.ch\/index.php?rest_route=\/wp\/v2\/posts\/978\/revisions"}],"wp:attachment":[{"href":"https:\/\/blog.lapecera.ch\/index.php?rest_route=%2Fwp%2Fv2%2Fmedia&parent=978"}],"wp:term":[{"taxonomy":"category","embeddable":true,"href":"https:\/\/blog.lapecera.ch\/index.php?rest_route=%2Fwp%2Fv2%2Fcategories&post=978"},{"taxonomy":"post_tag","embeddable":true,"href":"https:\/\/blog.lapecera.ch\/index.php?rest_route=%2Fwp%2Fv2%2Ftags&post=978"}],"curies":[{"name":"wp","href":"https:\/\/api.w.org\/{rel}","templated":true}]}}