{"id":97,"date":"2007-06-21T10:37:00","date_gmt":"2007-06-21T08:37:00","guid":{"rendered":"http:\/\/lapecera.ch\/?p=97"},"modified":"2007-06-21T10:37:00","modified_gmt":"2007-06-21T08:37:00","slug":"eye-of-the-tiger","status":"publish","type":"post","link":"https:\/\/blog.lapecera.ch\/?p=97","title":{"rendered":"Eye of the Tiger"},"content":{"rendered":"<p><a href=\"http:\/\/www.lapecera.ch\/uploaded_images\/bandlogo-746252.jpg\"><img decoding=\"async\" style=\"float:right; margin:0 0 10px 10px;cursor:pointer; cursor:hand;\" src=\"http:\/\/www.lapecera.ch\/uploaded_images\/bandlogo-746250.jpg\" style=\"border: solid 1px #c83e22\" alt=\"\" \/><\/a>Esa canci\u00f3n que se hizo famosa por ser el tema principal de &#8220;Rocky III&#8221; iba a ser nuestro bis&#8230; Pero como sonaba catastr\u00f3ficamente mal, decidimos dejarlo y convertir &#8220;U + Ur Hand&#8221; en nuestro bis, aunque no estoy muy segura de c\u00f3mo quieren hacerlo&#8230; \u00ac\u00ac<\/p>\n<p>El ensayo del viernes fue genial, lo pas\u00e9 genial, sonamos genial&#8230; No s\u00e9 si el hecho de que Katharina no estuviera me ayud\u00f3 a soltarme algo m\u00e1s o simplemente que llegu\u00e9 de mano con ganas de cantar y disfrutar de las dos horas y media de ensayo, pero me gust\u00f3 bastante m\u00e1s el ensayo de la semana pasada que el de ayer. El de ayer fue un asco de principio a fin \u00ac\u00ac Y no porque sonasemos mal, no, \u00bfqu\u00e9 va? Nos sali\u00f3 casi bien, conseguimos terminar las canciones todos a la vez y Silvio y Urs consiguieron ponerse de acuerdo de una vez por todas con el solo de &#8220;Whatever you want&#8221;. Sin embargo, el ambiente estaba raro. O a lo mejor, yo estaba rara o cansada (ayer trabaj\u00e9 hasta las 7 y el ensayo era a las 8 :P). O a lo mejor, el resto estaba cansado. O simplemente estaba harta de ser la \u00fanica que ensaya en casa para no hacer el rid\u00edculo (o un rid\u00edculo m\u00e1s peque\u00f1o) en la Hoffest. El caso es que se me quitaron las ganas de seguir cantando con ellos&#8230; <\/p>\n<p>Por un lado, Thomas dice que lo pasa pipa en los ensayos, pero al igual que Silvio tambi\u00e9n tiene su propia banda, as\u00ed que esto es en plan &#8220;\u00bfa ver qu\u00e9 pasa?&#8221; y no se lo toma nada en serio. Silvio parece a veces que lo hace con desgana y sin ninguna ilusi\u00f3n. S\u00f3lo Tom y Urs tienen pinta de haber acogido la propuesta con ganas de hacerlo y pasarlo bien&#8230; Y Kat, ayer, casi me desquicia. Se pas\u00f3 todo el rato cantando las canciones a medias porque dec\u00eda que no se las sab\u00eda, pero en cuanto llegaba su canci\u00f3n, \u00a1hala! A sacar todo el torrente de voz que lleva dentro \u00ac\u00ac <\/p>\n<p>Y para rematar se me quedaron mirando como si fuera un alien, cuando se dieron cuenta de que me sab\u00eda la canci\u00f3n &#8220;Eye of the tiger&#8221;&#8230; \u00bfEs de tontos ensayar una canci\u00f3n (sobre todo, si te gusta)? T_____T<\/p>\n<p>Ayer me pregunt\u00e9 un par de veces si realmente ha valido la pena apuntarme al one-time-event de la <em>itsystems all star band<\/em> y no hubiera sido mejor irme de vacaciones una semana antes \u00ac\u00ac<\/p>\n<p>Al menos tenemos logo xDDD<\/p>\n<p>Perdonad por el plomazo que os acabo de soltar, pero ten\u00eda que contarlo en alguna parte, ayer estaba muy decepcionada y encima fue nuestro \u00faltimo ensayo antes de la prueba de fuego <img decoding=\"async\" src=\"http:\/\/www.lauragallego.com\/phpBB2\/images\/smiles\/pelospunta.gif\"><\/p>\n<p>Como ya sab\u00e9is el d\u00eda 30 me voy de vacaciones a Tailandia, as\u00ed que hasta que no vuelva, no habr\u00e1 actualizaciones. Espero volver morena, relajada y cargada de fotos. \u00a1Ah! Por cierto, me entran todas mis cosas en la mochila de 45 l, estoy super happy ^__^<\/p>\n<p>Con esto y un bizcocho&#8230; Besos<br \/>Cris<\/p>\n<p><span style=\"font-size:75%\">PS: En la empresa han despedido a Meir<\/span><\/p>\n","protected":false},"excerpt":{"rendered":"<p>Esa canci\u00f3n que se hizo famosa por ser el tema principal de &#8220;Rocky III&#8221; iba a ser nuestro bis&#8230; Pero como sonaba catastr\u00f3ficamente mal, decidimos dejarlo y convertir &#8220;U + Ur Hand&#8221; en nuestro bis, aunque no estoy muy segura de c\u00f3mo quieren hacerlo&#8230; \u00ac\u00ac El ensayo del viernes fue genial, lo pas\u00e9 genial, sonamos [&hellip;]<\/p>\n","protected":false},"author":3,"featured_media":0,"comment_status":"open","ping_status":"closed","sticky":false,"template":"","format":"standard","meta":{"footnotes":""},"categories":[],"tags":[],"class_list":["post-97","post","type-post","status-publish","format-standard","hentry"],"_links":{"self":[{"href":"https:\/\/blog.lapecera.ch\/index.php?rest_route=\/wp\/v2\/posts\/97","targetHints":{"allow":["GET"]}}],"collection":[{"href":"https:\/\/blog.lapecera.ch\/index.php?rest_route=\/wp\/v2\/posts"}],"about":[{"href":"https:\/\/blog.lapecera.ch\/index.php?rest_route=\/wp\/v2\/types\/post"}],"author":[{"embeddable":true,"href":"https:\/\/blog.lapecera.ch\/index.php?rest_route=\/wp\/v2\/users\/3"}],"replies":[{"embeddable":true,"href":"https:\/\/blog.lapecera.ch\/index.php?rest_route=%2Fwp%2Fv2%2Fcomments&post=97"}],"version-history":[{"count":0,"href":"https:\/\/blog.lapecera.ch\/index.php?rest_route=\/wp\/v2\/posts\/97\/revisions"}],"wp:attachment":[{"href":"https:\/\/blog.lapecera.ch\/index.php?rest_route=%2Fwp%2Fv2%2Fmedia&parent=97"}],"wp:term":[{"taxonomy":"category","embeddable":true,"href":"https:\/\/blog.lapecera.ch\/index.php?rest_route=%2Fwp%2Fv2%2Fcategories&post=97"},{"taxonomy":"post_tag","embeddable":true,"href":"https:\/\/blog.lapecera.ch\/index.php?rest_route=%2Fwp%2Fv2%2Ftags&post=97"}],"curies":[{"name":"wp","href":"https:\/\/api.w.org\/{rel}","templated":true}]}}