{"id":968,"date":"2010-06-05T10:00:50","date_gmt":"2010-06-05T08:00:50","guid":{"rendered":"http:\/\/lapecera.ch\/?p=968"},"modified":"2010-06-05T10:00:50","modified_gmt":"2010-06-05T08:00:50","slug":"dia-25-un-libro-cuya-protagonista-me-describe-mejor","status":"publish","type":"post","link":"https:\/\/blog.lapecera.ch\/?p=968","title":{"rendered":"[D\u00eda 25] Un libro cuya protagonista me describe mejor"},"content":{"rendered":"<p>Esta es f\u00e1cil: NINGUNO. Todav\u00eda no he encontrado un libro as\u00ed&#8230; as\u00ed que la entrada de hoy simplemente os presentar\u00e1 mi arte xDD<\/p>\n<p><a href=\"http:\/\/lapecera.ch\/wp-content\/uploads\/2010\/06\/yellow_bricks_by_papalbina.jpg\" rel=\"example3\" title=\"Yellow Bricks by papalbina\"><img loading=\"lazy\" decoding=\"async\" src=\"http:\/\/lapecera.ch\/wp-content\/uploads\/2010\/06\/yellow_bricks_by_papalbina-300x300.jpg\" alt=\"\" title=\"yellow_bricks_by_papalbina\" width=\"300\" height=\"300\" class=\"alignnone size-medium wp-image-969\" srcset=\"https:\/\/blog.lapecera.ch\/wp-content\/uploads\/2010\/06\/yellow_bricks_by_papalbina-300x300.jpg 300w, https:\/\/blog.lapecera.ch\/wp-content\/uploads\/2010\/06\/yellow_bricks_by_papalbina-150x150.jpg 150w, https:\/\/blog.lapecera.ch\/wp-content\/uploads\/2010\/06\/yellow_bricks_by_papalbina.jpg 600w\" sizes=\"auto, (max-width: 300px) 100vw, 300px\" \/><\/a><\/p>\n<p>\u00a1Hala! Ah\u00ed lo dejo. Si vosotros que me conoc\u00e9is sab\u00e9is de alg\u00fan libro donde la protagonista se parezca a m\u00ed, avisadme&#8230; Yo hoy estar\u00e9 en Zurich de compras, cantando &#8220;Time after Time&#8221; o leyendo &#8220;Endless summer&#8221; \ud83d\ude09<\/p>\n<p>Con esto y un bizcocho&#8230; Besos<br \/>\nCris<\/p>\n","protected":false},"excerpt":{"rendered":"<p>Esta es f\u00e1cil: NINGUNO. Todav\u00eda no he encontrado un libro as\u00ed&#8230; as\u00ed que la entrada de hoy simplemente os presentar\u00e1 mi arte xDD \u00a1Hala! Ah\u00ed lo dejo. Si vosotros que me conoc\u00e9is sab\u00e9is de alg\u00fan libro donde la protagonista se parezca a m\u00ed, avisadme&#8230; Yo hoy estar\u00e9 en Zurich de compras, cantando &#8220;Time after Time&#8221; [&hellip;]<\/p>\n","protected":false},"author":3,"featured_media":0,"comment_status":"open","ping_status":"closed","sticky":false,"template":"","format":"standard","meta":{"footnotes":""},"categories":[],"tags":[],"class_list":["post-968","post","type-post","status-publish","format-standard","hentry"],"_links":{"self":[{"href":"https:\/\/blog.lapecera.ch\/index.php?rest_route=\/wp\/v2\/posts\/968","targetHints":{"allow":["GET"]}}],"collection":[{"href":"https:\/\/blog.lapecera.ch\/index.php?rest_route=\/wp\/v2\/posts"}],"about":[{"href":"https:\/\/blog.lapecera.ch\/index.php?rest_route=\/wp\/v2\/types\/post"}],"author":[{"embeddable":true,"href":"https:\/\/blog.lapecera.ch\/index.php?rest_route=\/wp\/v2\/users\/3"}],"replies":[{"embeddable":true,"href":"https:\/\/blog.lapecera.ch\/index.php?rest_route=%2Fwp%2Fv2%2Fcomments&post=968"}],"version-history":[{"count":0,"href":"https:\/\/blog.lapecera.ch\/index.php?rest_route=\/wp\/v2\/posts\/968\/revisions"}],"wp:attachment":[{"href":"https:\/\/blog.lapecera.ch\/index.php?rest_route=%2Fwp%2Fv2%2Fmedia&parent=968"}],"wp:term":[{"taxonomy":"category","embeddable":true,"href":"https:\/\/blog.lapecera.ch\/index.php?rest_route=%2Fwp%2Fv2%2Fcategories&post=968"},{"taxonomy":"post_tag","embeddable":true,"href":"https:\/\/blog.lapecera.ch\/index.php?rest_route=%2Fwp%2Fv2%2Ftags&post=968"}],"curies":[{"name":"wp","href":"https:\/\/api.w.org\/{rel}","templated":true}]}}