{"id":956,"date":"2010-06-03T08:39:29","date_gmt":"2010-06-03T06:39:29","guid":{"rendered":"http:\/\/lapecera.ch\/?p=956"},"modified":"2010-06-03T08:39:29","modified_gmt":"2010-06-03T06:39:29","slug":"dia-23-el-libro-con-menos-paginas","status":"publish","type":"post","link":"https:\/\/blog.lapecera.ch\/?p=956","title":{"rendered":"[D\u00eda 23] El libro con menos p\u00e1ginas"},"content":{"rendered":"<p>Me ha costado encontrarlo entre tanto libro en las estanter\u00edas y fijo que hay alg\u00fan otro, pero no tengo tiempo pa seguir buscando \ud83d\ude42<\/p>\n<p><strong><span style=\"font-size:120%;\">Wilhelm Tell<\/span><br \/>\nFriedrich Schiller<\/strong><\/p>\n<p><a href=\"http:\/\/lapecera.ch\/wp-content\/uploads\/2010\/06\/photo.jpg\" rel=\"example3\"><img loading=\"lazy\" decoding=\"async\" src=\"http:\/\/lapecera.ch\/wp-content\/uploads\/2010\/06\/photo-225x300.jpg\" alt=\"\" title=\"photo\" width=\"225\" height=\"300\" class=\"alignnone size-medium wp-image-958\" srcset=\"https:\/\/blog.lapecera.ch\/wp-content\/uploads\/2010\/06\/photo-225x300.jpg 225w, https:\/\/blog.lapecera.ch\/wp-content\/uploads\/2010\/06\/photo.jpg 600w\" sizes=\"auto, (max-width: 225px) 100vw, 225px\" \/><\/a><\/p>\n<p>Tiene 74 p\u00e1ginas. Es un ejemplar del a\u00f1o de maricasta\u00f1a que no tiene ni ISBN&#8230; Dice Christoph que con anterioridad le pertenec\u00eda a Disteli (\u00bfo era a la abuela de Disteli? fO.o). <\/p>\n<p>Para aquellos que no lo sepan, no se sabe si existi\u00f3 Guillermo Tell, es un mito, un poco mezcla entre Robin Hood y William Wallace pero a la Suiza. Es una leyenda, que probablemente est\u00e9 basada en alguien real, pero sin ninguna base hist\u00f3rica. El primero que puso la historia por escrito fue Schiller (que es alem\u00e1n) en una obra de teatro en 1804. Cuando mi alem\u00e1n mejore milagrosamente, la leer\u00e9. <\/p>\n<p>\u00a1Hala! Ma\u00f1ana m\u00e1s.<\/p>\n<p>Con esto y un bizcocho&#8230; Besos<br \/>\nCris<\/p>\n","protected":false},"excerpt":{"rendered":"<p>Me ha costado encontrarlo entre tanto libro en las estanter\u00edas y fijo que hay alg\u00fan otro, pero no tengo tiempo pa seguir buscando \ud83d\ude42 Wilhelm Tell Friedrich Schiller Tiene 74 p\u00e1ginas. Es un ejemplar del a\u00f1o de maricasta\u00f1a que no tiene ni ISBN&#8230; Dice Christoph que con anterioridad le pertenec\u00eda a Disteli (\u00bfo era a [&hellip;]<\/p>\n","protected":false},"author":3,"featured_media":0,"comment_status":"open","ping_status":"closed","sticky":false,"template":"","format":"standard","meta":{"footnotes":""},"categories":[],"tags":[],"class_list":["post-956","post","type-post","status-publish","format-standard","hentry"],"_links":{"self":[{"href":"https:\/\/blog.lapecera.ch\/index.php?rest_route=\/wp\/v2\/posts\/956","targetHints":{"allow":["GET"]}}],"collection":[{"href":"https:\/\/blog.lapecera.ch\/index.php?rest_route=\/wp\/v2\/posts"}],"about":[{"href":"https:\/\/blog.lapecera.ch\/index.php?rest_route=\/wp\/v2\/types\/post"}],"author":[{"embeddable":true,"href":"https:\/\/blog.lapecera.ch\/index.php?rest_route=\/wp\/v2\/users\/3"}],"replies":[{"embeddable":true,"href":"https:\/\/blog.lapecera.ch\/index.php?rest_route=%2Fwp%2Fv2%2Fcomments&post=956"}],"version-history":[{"count":0,"href":"https:\/\/blog.lapecera.ch\/index.php?rest_route=\/wp\/v2\/posts\/956\/revisions"}],"wp:attachment":[{"href":"https:\/\/blog.lapecera.ch\/index.php?rest_route=%2Fwp%2Fv2%2Fmedia&parent=956"}],"wp:term":[{"taxonomy":"category","embeddable":true,"href":"https:\/\/blog.lapecera.ch\/index.php?rest_route=%2Fwp%2Fv2%2Fcategories&post=956"},{"taxonomy":"post_tag","embeddable":true,"href":"https:\/\/blog.lapecera.ch\/index.php?rest_route=%2Fwp%2Fv2%2Ftags&post=956"}],"curies":[{"name":"wp","href":"https:\/\/api.w.org\/{rel}","templated":true}]}}