{"id":949,"date":"2010-06-02T08:25:26","date_gmt":"2010-06-02T06:25:26","guid":{"rendered":"http:\/\/lapecera.ch\/?p=949"},"modified":"2010-06-02T08:25:26","modified_gmt":"2010-06-02T06:25:26","slug":"dia-22-el-libro-con-mas-paginas","status":"publish","type":"post","link":"https:\/\/blog.lapecera.ch\/?p=949","title":{"rendered":"[D\u00eda 22] El libro con m\u00e1s p\u00e1ginas"},"content":{"rendered":"<p>Tengo dos opciones, pero no s\u00e9 cu\u00e1l ser\u00eda la m\u00e1s correcta: o un libro completo que tiene m\u00e1s de 1000 p\u00e1ginas o una historia dividida en tres vol\u00famenes de aprox. 900 p\u00e1ginas cada uno (que har\u00eda un total de casi 3000 p\u00e1ginas). Creo que me decanto por los vol\u00famenes porque despu\u00e9s de todo no es trilog\u00eda ni nada de eso. Es simplemente una historia muuuuuuuuy larga con muchas historias cortas en el medio xDDD<\/p>\n<p><strong><span style=\"font-size:120%\">Las mil y una noches<\/span><br \/>\nAn\u00f3nimo<\/strong> <\/p>\n<p><a href=\"http:\/\/lapecera.ch\/wp-content\/uploads\/2010\/06\/milyunanoches.jpg\" rel=\"example3\"><img loading=\"lazy\" decoding=\"async\" src=\"http:\/\/lapecera.ch\/wp-content\/uploads\/2010\/06\/milyunanoches-255x300.jpg\" alt=\"\" title=\"milyunanoches\" width=\"255\" height=\"300\" class=\"alignnone size-medium wp-image-951\" srcset=\"https:\/\/blog.lapecera.ch\/wp-content\/uploads\/2010\/06\/milyunanoches-255x300.jpg 255w, https:\/\/blog.lapecera.ch\/wp-content\/uploads\/2010\/06\/milyunanoches.jpg 468w\" sizes=\"auto, (max-width: 255px) 100vw, 255px\" \/><\/a><\/p>\n<p>En total tiene 2664 p\u00e1ginas. Los compr\u00e9 cuando salieron hace dos a\u00f1os en el C\u00edrculo de Lectores porque era la edici\u00f3n completa. Los libros que se suelen encontrar por ah\u00ed de &#8220;Las mil y una noches&#8221; son res\u00famenes donde se recogen las historias m\u00e1s conocidas, pero no todas&#8230; Por eso, aprovech\u00e9 la oferta del C\u00edrculo y me compr\u00e9 los tres tomos por 99\u20ac. Hacer que llegasen a Suiza fue algo m\u00e1s complicado de lograr xDD Hasta ahora s\u00f3lo he empezado con el primer tomo y s\u00f3lo he le\u00eddo una de las historias de Sherezade, pero es uno de mis PENDIENTES con letras may\u00fasculas. Lo \u00fanico que no me gusta de la edici\u00f3n son las ilustraciones (si a eso se le puede llamar ilustraciones) de Frederic Amat. Seguro que para \u00e9l representan muy bien el libro&#8230; A m\u00ed no me dicen nada de nada O.o<\/p>\n<p>La otra opci\u00f3n de libro para este post habr\u00eda sido &#8220;Los pilares de la Tierra&#8221; de Ken Follet con sus buenas 1145 p\u00e1ginas, que tampoco he le\u00eddo ni leer\u00e9 en un futuro pr\u00f3ximo (a ver qui\u00e9n carga con 1145 p\u00e1ginas en tapa dura en el tren, \u00a1ja!).<\/p>\n<p>Y eso es todo, ma\u00f1ana me volver\u00e9 chifl\u00e1 buscando el libro con menos p\u00e1ginas. O es una obra de teatro o uno de los libros de cuentos de Janis xDDD<\/p>\n<p>Con esto y un bizcocho&#8230; Besos<br \/>\nCris<\/p>\n","protected":false},"excerpt":{"rendered":"<p>Tengo dos opciones, pero no s\u00e9 cu\u00e1l ser\u00eda la m\u00e1s correcta: o un libro completo que tiene m\u00e1s de 1000 p\u00e1ginas o una historia dividida en tres vol\u00famenes de aprox. 900 p\u00e1ginas cada uno (que har\u00eda un total de casi 3000 p\u00e1ginas). Creo que me decanto por los vol\u00famenes porque despu\u00e9s de todo no es [&hellip;]<\/p>\n","protected":false},"author":3,"featured_media":0,"comment_status":"open","ping_status":"closed","sticky":false,"template":"","format":"standard","meta":{"footnotes":""},"categories":[],"tags":[],"class_list":["post-949","post","type-post","status-publish","format-standard","hentry"],"_links":{"self":[{"href":"https:\/\/blog.lapecera.ch\/index.php?rest_route=\/wp\/v2\/posts\/949","targetHints":{"allow":["GET"]}}],"collection":[{"href":"https:\/\/blog.lapecera.ch\/index.php?rest_route=\/wp\/v2\/posts"}],"about":[{"href":"https:\/\/blog.lapecera.ch\/index.php?rest_route=\/wp\/v2\/types\/post"}],"author":[{"embeddable":true,"href":"https:\/\/blog.lapecera.ch\/index.php?rest_route=\/wp\/v2\/users\/3"}],"replies":[{"embeddable":true,"href":"https:\/\/blog.lapecera.ch\/index.php?rest_route=%2Fwp%2Fv2%2Fcomments&post=949"}],"version-history":[{"count":0,"href":"https:\/\/blog.lapecera.ch\/index.php?rest_route=\/wp\/v2\/posts\/949\/revisions"}],"wp:attachment":[{"href":"https:\/\/blog.lapecera.ch\/index.php?rest_route=%2Fwp%2Fv2%2Fmedia&parent=949"}],"wp:term":[{"taxonomy":"category","embeddable":true,"href":"https:\/\/blog.lapecera.ch\/index.php?rest_route=%2Fwp%2Fv2%2Fcategories&post=949"},{"taxonomy":"post_tag","embeddable":true,"href":"https:\/\/blog.lapecera.ch\/index.php?rest_route=%2Fwp%2Fv2%2Ftags&post=949"}],"curies":[{"name":"wp","href":"https:\/\/api.w.org\/{rel}","templated":true}]}}