{"id":94,"date":"2007-06-11T15:32:00","date_gmt":"2007-06-11T13:32:00","guid":{"rendered":"http:\/\/lapecera.ch\/?p=94"},"modified":"2007-06-11T15:32:00","modified_gmt":"2007-06-11T13:32:00","slug":"el-mundo-es-un-panuelo","status":"publish","type":"post","link":"https:\/\/blog.lapecera.ch\/?p=94","title":{"rendered":"\u00a1El mundo es un pa\u00f1uelo\u2026"},"content":{"rendered":"<p>\u2026 y t\u00fa eres mi moco favorito!<\/p>\n<p>Este fin de semana fue algo demencial y por eso, no pod\u00eda dejar de cont\u00e1roslo. <\/p>\n<p>El s\u00e1bado ten\u00edamos visita e \u00edbamos a cocinar para nuestros invitados, as\u00ed que nos levantamos \u201ctemprano\u201d y, mientras Chris se quedaba en casa limpiando y empezando con los preparativos para cocinar, aqu\u00ed la menda se fue a la ciudad a comprar las cosas que nos faltaban como un par de zapatos nuevos y algunas cosas para irnos de vacaciones xDDDDD No, en serio, fui a comprar los ingredientes que nos faltaban, que por el camino me encontrase con unos zapatos nuevos y una almohada de viaje, es otro cantar\u2026 Adem\u00e1s, Chris me hab\u00eda pedido que subiese su bici (que hab\u00eda dejado en la parada del tram porque el viernes llov\u00eda a mares cuando lleg\u00f3 a casa \u00ac\u00ac). Como es demasiado alta para m\u00ed, tuve que llevarla de la mano hasta el migros y a la vuelta coloqu\u00e9 la bolsa con lo que hab\u00eda comprado en la parte de atr\u00e1s\u2026 Con tan buena suerte que en el primer salto que peg\u00f3 la rueda de la bicicleta al bajar un bordillo, la bolsa se entorn\u00f3 y se me cay\u00f3 todo, TODO\u2026 Un kilo de albaricoques desparramao por la carretera <img decoding=\"async\" src=\"http:\/\/www.lauragallego.com\/phpBB2\/images\/smiles\/pelospunta.gif\"> Menos mal que el tipo del coche y otro que pasaba por all\u00ed se pusieron a ayudarme a recoger albaricoques xDDDD Cuando por fin consegu\u00ed que todo estuviera en la bolsa y se quedase quieto en la parte de atr\u00e1s de la bici, va y se me rompen las sandalias que llevaba\u2026 T___________T<\/p>\n<p>El caso es que despu\u00e9s tuvimos una buena raci\u00f3n de risas cuando nuestra invitada, Isabelle <span style=\"font-size:75%\">(la que me ayud\u00f3 a encontrar trabajo)<\/span> lleg\u00f3 a casa del brazo del mejor amigo de Christian, el marido de Tatiana <span style=\"font-size:75%\">(la de Gij\u00f3n, s\u00ed, esa, la que se cas\u00f3 el a\u00f1o pasado)<\/span>\u2026 Bueno, y ahora estar\u00e9is pensando: \u201cOstras, pues s\u00ed que es peque\u00f1a Suiza\u201d <img decoding=\"async\" src=\"http:\/\/www.lauragallego.com\/phpBB2\/images\/smiles\/crazy.gif\"> Pero no es pa tanto. Isabelle y Dominik, que as\u00ed se llama nuestro gal\u00e1n, se conocieron, gracias a nosotros (para m\u00e1s inri), har\u00e1 como un a\u00f1o. Entonces hubo muchos chistes sobre si los dos solteros acabar\u00eda juntos y si hac\u00edan buena pareja o no <span style=\"font-size:75%\">(sobre todo, porque si Dominik ten\u00eda novia la iba a llevar a la boda de Taty y no hab\u00eda sitio y blablabla xDDD)<\/span>, pero no fue hasta hace un mes que empezaron a salir\u2026 <\/p>\n<p>Para hacer la gracia, despu\u00e9s de cenar y tomar el postre, pasamos por casa de Taty y Christian, que curiosamente ten\u00edan de visita a otro buen amigo de ellos, con la idea de darles una sorpresa, ya que Christian tambi\u00e9n conoce a isabelle y tal\u2026 Lo que nos pudimos reir con la cara que pusieron tanto Taty como Christian cuando vieron aparecer a Dominik con nosotros acompa\u00f1ado nada m\u00e1s y nada menos que de Isabelle. Hasta se enfadaron (en broma) con Dominik por hab\u00e9rnoslo dicho a nosotros antes que a ellos xDDD \u00a1Madre, qu\u00e9 risas nos echamos!<\/p>\n<p>La verdad es que yo estoy super contenta por ellos dos, porque aunque llevan poco tiempo, se les ve muy felices y eso es muy importante. \u00a1\u00a1Les deseo lo mejor!! <img decoding=\"async\" src=\"http:\/\/www.lapecera.ch\/emoticons\/33.gif\"> <\/p>\n<p>\u00bfY qu\u00e9 m\u00e1s? El \u00faltimo ensayo fue un poco desastre porque nuestro pianista nos dej\u00f3 colgaos \u00ac\u00ac Pero esta semana tenemos dos ensayos. El repertorio ha vuelto a cambiar. Kat y yo quer\u00edamos quitarnos de encima a toda costa la canci\u00f3n de P!NK pero no hay manera >.< As\u00ed que ahora tenemos el siguiente repertorio:\n\n&#8211; <a href=\"http:\/\/www.youtube.com\/watch?v=krK7Q49o6uA\" target=\"_blank\">&#8220;Whatever you want&#8221;<\/a> de Status Quo<br \/>&#8211; <a href=\"http:\/\/www.youtube.com\/watch?v=WBNMRp8hONQ\" target=\"_blank\">&#8220;Don&#8217;t stop&#8221;<\/a> de Fleetwood Mac<br \/>&#8211; <a href=\"http:\/\/www.youtube.com\/watch?v=9YAHodp2H2Y\" target=\"_blank\">&#8220;U + Ur hand&#8221;<\/a> de P!NK<br \/>&#8211; <a href=\"http:\/\/www.youtube.com\/watch?v=huD3d-wFkZA\" target=\"_blank\">\u201cSometimes\u201d<\/a> de The Brand New Heavies<br \/>&#8211; <a href=\"http:\/\/www.youtube.com\/watch?v=ZpucUihZ4HE\" target=\"_blank\">\u201cSummer of 69\u201d<\/a> de Bryan Adams (todav\u00eda no es fija, pero me encantar\u00eda *\u00ac*)<br \/>&#8211; <a href=\"http:\/\/www.youtube.com\/watch?v=huLklsj_5HI\" target=\"_blank\">\u201cSweet Home Alabama\u201d<\/a> de Lynyrd Skynyrd<\/p>\n<p>Ya os contar\u00e9 qu\u00e9 tal nos va en esta semana. Igual hasta somos capaces de empezar y acabar una canci\u00f3n (hasta ahora podemos tocar todas las canciones, pero no acabamos ninguna :P) Os dejo con una cita que me ha hecho gracia esta ma\u00f1ana xDD<\/p>\n<blockquote><p>Sometimes I get the feeling the whole world is against me, but deep down I know that&#8217;s not true. Some smaller countries are neutral. <br \/><strong>Robert Orben <\/strong><\/p><\/blockquote>\n<p>Con esto y un bizcocho\u2026 Besos<br \/>Cris<\/p>\n<p>PS: Se me olvidaba. Para rematar el fin de semana, en Basel hab\u00eda una fiesta para inagurar la Nordtangente, que es un trozo de autopista que llevaba en obras desde que yo vine a Basel la primera vez. La fiesta se hac\u00eda en la misma autopista&#8230; As\u00ed que puedo decir que el domingo me patee una autopista y quedarme tan pancha xDD<\/p>\n","protected":false},"excerpt":{"rendered":"<p>\u2026 y t\u00fa eres mi moco favorito! Este fin de semana fue algo demencial y por eso, no pod\u00eda dejar de cont\u00e1roslo. El s\u00e1bado ten\u00edamos visita e \u00edbamos a cocinar para nuestros invitados, as\u00ed que nos levantamos \u201ctemprano\u201d y, mientras Chris se quedaba en casa limpiando y empezando con los preparativos para cocinar, aqu\u00ed la [&hellip;]<\/p>\n","protected":false},"author":3,"featured_media":0,"comment_status":"open","ping_status":"closed","sticky":false,"template":"","format":"standard","meta":{"footnotes":""},"categories":[],"tags":[],"class_list":["post-94","post","type-post","status-publish","format-standard","hentry"],"_links":{"self":[{"href":"https:\/\/blog.lapecera.ch\/index.php?rest_route=\/wp\/v2\/posts\/94","targetHints":{"allow":["GET"]}}],"collection":[{"href":"https:\/\/blog.lapecera.ch\/index.php?rest_route=\/wp\/v2\/posts"}],"about":[{"href":"https:\/\/blog.lapecera.ch\/index.php?rest_route=\/wp\/v2\/types\/post"}],"author":[{"embeddable":true,"href":"https:\/\/blog.lapecera.ch\/index.php?rest_route=\/wp\/v2\/users\/3"}],"replies":[{"embeddable":true,"href":"https:\/\/blog.lapecera.ch\/index.php?rest_route=%2Fwp%2Fv2%2Fcomments&post=94"}],"version-history":[{"count":0,"href":"https:\/\/blog.lapecera.ch\/index.php?rest_route=\/wp\/v2\/posts\/94\/revisions"}],"wp:attachment":[{"href":"https:\/\/blog.lapecera.ch\/index.php?rest_route=%2Fwp%2Fv2%2Fmedia&parent=94"}],"wp:term":[{"taxonomy":"category","embeddable":true,"href":"https:\/\/blog.lapecera.ch\/index.php?rest_route=%2Fwp%2Fv2%2Fcategories&post=94"},{"taxonomy":"post_tag","embeddable":true,"href":"https:\/\/blog.lapecera.ch\/index.php?rest_route=%2Fwp%2Fv2%2Ftags&post=94"}],"curies":[{"name":"wp","href":"https:\/\/api.w.org\/{rel}","templated":true}]}}