{"id":935,"date":"2010-06-01T08:38:33","date_gmt":"2010-06-01T06:38:33","guid":{"rendered":"http:\/\/lapecera.ch\/?p=935"},"modified":"2010-06-01T08:38:33","modified_gmt":"2010-06-01T06:38:33","slug":"dia-21-el-peor-libro-de-las-lecturas-obligatorias-del-colegioinstituto","status":"publish","type":"post","link":"https:\/\/blog.lapecera.ch\/?p=935","title":{"rendered":"[D\u00eda 21] El peor libro de las lecturas obligatorias del colegio\/instituto"},"content":{"rendered":"<p>Mi n\u00famero uno de libros insufribles en el instituto, seguido de cerca por &#8220;La Celestina&#8221;, &#8220;Un solo de clarinete&#8221; (en el colegio), &#8220;El Lazarillo de Tormes&#8221; (m\u00e1s que nada porque en cuatro a\u00f1os, me mandaron leerlo cuatro veces, no ser\u00e1 por la falta de diversidad de la literatura espa\u00f1ola, vamos) y &#8220;La Regenta&#8221;, es:<\/p>\n<p><strong><span style=\"font-size:120%;\">La tesis de Nancy<\/span><br \/>\nRam\u00f3n J. Sender<\/strong><\/p>\n<p><img loading=\"lazy\" decoding=\"async\" src=\"http:\/\/lapecera.ch\/wp-content\/uploads\/2010\/05\/nancy-187x300.jpg\" alt=\"\" title=\"nancy\" width=\"187\" height=\"300\" class=\"alignnone size-medium wp-image-936\" \/><\/p>\n<blockquote><p>La tesis de Nancy es una cr\u00edtica mirada a la Espa\u00f1a de su tiempo que Ram\u00f3n J. Sender hace a trav\u00e9s de los ojos de una sorprendida estudiante norteamericana. Refleja a la vez la tradici\u00f3n y la modernidad de un pa\u00eds que se abr\u00eda t\u00edmidamente al mundo desarrollado pero que guardaba todav\u00eda, en algunos momentos como un tesoro, pero en otras como un lastres, el profundo poso de siglos de costumbrismo dif\u00edcil de asumir, interpretar y comprender, no s\u00f3lo para el viajero entusiasta como Nancy, sino para muchos espa\u00f1oles a los que los avatares de su vida y de su naci\u00f3n hab\u00edan llevado como a Sender a un exilio forzado o voluntario.<\/p><\/blockquote>\n<p>Ser\u00e1 todo lo cr\u00edtico que quieran, acabar de leerlo fue m\u00e1s doloroso que una visita al dentista \u00ac\u00ac Por suerte me lo prestaron, si hubiese sido m\u00edo, lo habr\u00eda echao a la hoguera de San Juan al final de curso&#8230; Y mira que &#8220;Requiem por un campesino espa\u00f1ol&#8221; me encant\u00f3, pero \u00e9ste fue horrible.<\/p>\n<p>Ma\u00f1ana m\u00e1s \ud83d\ude09<\/p>\n<p>Con esto y un bizcocho&#8230; Besos<br \/>\nCris<\/p>\n","protected":false},"excerpt":{"rendered":"<p>Mi n\u00famero uno de libros insufribles en el instituto, seguido de cerca por &#8220;La Celestina&#8221;, &#8220;Un solo de clarinete&#8221; (en el colegio), &#8220;El Lazarillo de Tormes&#8221; (m\u00e1s que nada porque en cuatro a\u00f1os, me mandaron leerlo cuatro veces, no ser\u00e1 por la falta de diversidad de la literatura espa\u00f1ola, vamos) y &#8220;La Regenta&#8221;, es: La [&hellip;]<\/p>\n","protected":false},"author":3,"featured_media":0,"comment_status":"open","ping_status":"closed","sticky":false,"template":"","format":"standard","meta":{"footnotes":""},"categories":[],"tags":[],"class_list":["post-935","post","type-post","status-publish","format-standard","hentry"],"_links":{"self":[{"href":"https:\/\/blog.lapecera.ch\/index.php?rest_route=\/wp\/v2\/posts\/935","targetHints":{"allow":["GET"]}}],"collection":[{"href":"https:\/\/blog.lapecera.ch\/index.php?rest_route=\/wp\/v2\/posts"}],"about":[{"href":"https:\/\/blog.lapecera.ch\/index.php?rest_route=\/wp\/v2\/types\/post"}],"author":[{"embeddable":true,"href":"https:\/\/blog.lapecera.ch\/index.php?rest_route=\/wp\/v2\/users\/3"}],"replies":[{"embeddable":true,"href":"https:\/\/blog.lapecera.ch\/index.php?rest_route=%2Fwp%2Fv2%2Fcomments&post=935"}],"version-history":[{"count":0,"href":"https:\/\/blog.lapecera.ch\/index.php?rest_route=\/wp\/v2\/posts\/935\/revisions"}],"wp:attachment":[{"href":"https:\/\/blog.lapecera.ch\/index.php?rest_route=%2Fwp%2Fv2%2Fmedia&parent=935"}],"wp:term":[{"taxonomy":"category","embeddable":true,"href":"https:\/\/blog.lapecera.ch\/index.php?rest_route=%2Fwp%2Fv2%2Fcategories&post=935"},{"taxonomy":"post_tag","embeddable":true,"href":"https:\/\/blog.lapecera.ch\/index.php?rest_route=%2Fwp%2Fv2%2Ftags&post=935"}],"curies":[{"name":"wp","href":"https:\/\/api.w.org\/{rel}","templated":true}]}}