{"id":932,"date":"2010-05-31T09:00:14","date_gmt":"2010-05-31T07:00:14","guid":{"rendered":"http:\/\/lapecera.ch\/?p=932"},"modified":"2010-05-31T09:00:14","modified_gmt":"2010-05-31T07:00:14","slug":"dia-20-el-mejor-libro-de-las-lecturas-obligatorias-del-colegioinstituto","status":"publish","type":"post","link":"https:\/\/blog.lapecera.ch\/?p=932","title":{"rendered":"[D\u00eda 20] El mejor libro de las lecturas obligatorias del colegio\/instituto"},"content":{"rendered":"<p>Recuerdo que me gust\u00f3 &#8220;Don \u00c1lvaro y la fuerza del sino&#8221; y &#8220;El s\u00ed de las ni\u00f1as&#8221; y &#8220;La dama del alba&#8221; y &#8220;Requiem por un campesino espa\u00f1ol&#8221;, todos ellos del instituto. De los del colegio ni me acuerdo, le\u00edmos tantos durante tercero, cuarto y quinto de EGB, que ni me acuerdo, aunque &#8220;Atalanta&#8221; y &#8220;Un lugar para Katrin&#8221; tienen un lugar dulce en un rinconcito de mi memoria. Pero si tengo que quedarme con el mejor libro que le\u00ed, que tambi\u00e9n podr\u00eda decirse que fue el que m\u00e1s me impact\u00f3, me quedo con Miguel Delibes.<\/p>\n<p><strong><span style=\"font-size:120%;\">El camino<\/span><br \/>\nMiguel Delibes<\/strong><\/p>\n<p><img loading=\"lazy\" decoding=\"async\" src=\"http:\/\/lapecera.ch\/wp-content\/uploads\/2010\/05\/01_elcamino-196x300.jpg\" alt=\"\" title=\"01_elcamino\" width=\"196\" height=\"300\" class=\"alignnone size-medium wp-image-933\" srcset=\"https:\/\/blog.lapecera.ch\/wp-content\/uploads\/2010\/05\/01_elcamino-196x300.jpg 196w, https:\/\/blog.lapecera.ch\/wp-content\/uploads\/2010\/05\/01_elcamino.jpg 600w\" sizes=\"auto, (max-width: 196px) 100vw, 196px\" \/><\/p>\n<p>Seguro que (casi) todos lo conoc\u00e9is. Es lectura obligatoria en casi toda Espa\u00f1a xDDD No recuerdo de qu\u00e9 iba, pero de lo que s\u00ed me acuerdo es que para ser una lectura obligatoria, me gust\u00f3 much\u00edsimo y casi me hace llorar. Alg\u00fan d\u00eda lo releer\u00e9 (probablemente durante mis a\u00f1os como pensionista, que como dice mi madre, tendr\u00e9 todo el tiempo del mundo para leer lo que quiera, lo que no s\u00e9 es si tendr\u00e9 ojos v.v). <\/p>\n<p>En fin&#8230; Hoy lunes&#8230; A\u00fan me quedan cuatro d\u00edas hasta el s\u00e1bado. El viernes es el concierto de &#8220;La Oreja de Van Gogh&#8221; y a\u00fan no s\u00e9 si quiero ir, y si voy, con qui\u00e9n&#8230; <\/p>\n<p>Por cierto, hablando de LODVG, me he presentado al &#8220;casting&#8221; de <a href=\"http:\/\/www.modernvoices.ch\/\" target =\"_blank\">Modern Voices<\/a>, que organiza Erika Tanner, &#8220;mi&#8221; profesora de canto en Olten. El caso es que se tiene que escoger una canci\u00f3n para el casting (y probablemente para la actuaci\u00f3n) y yo he escogido &#8220;Deseos de cosas imposibles&#8221; en la versi\u00f3n de &#8220;Nuestra casa a la izquierda del mundo&#8221; *___________* \u00bfSaldr\u00e1 bien?<\/p>\n<p>Con esto y un bizcocho&#8230; Besos<br \/>\nCris<\/p>\n","protected":false},"excerpt":{"rendered":"<p>Recuerdo que me gust\u00f3 &#8220;Don \u00c1lvaro y la fuerza del sino&#8221; y &#8220;El s\u00ed de las ni\u00f1as&#8221; y &#8220;La dama del alba&#8221; y &#8220;Requiem por un campesino espa\u00f1ol&#8221;, todos ellos del instituto. De los del colegio ni me acuerdo, le\u00edmos tantos durante tercero, cuarto y quinto de EGB, que ni me acuerdo, aunque &#8220;Atalanta&#8221; y [&hellip;]<\/p>\n","protected":false},"author":3,"featured_media":0,"comment_status":"open","ping_status":"closed","sticky":false,"template":"","format":"standard","meta":{"footnotes":""},"categories":[],"tags":[],"class_list":["post-932","post","type-post","status-publish","format-standard","hentry"],"_links":{"self":[{"href":"https:\/\/blog.lapecera.ch\/index.php?rest_route=\/wp\/v2\/posts\/932","targetHints":{"allow":["GET"]}}],"collection":[{"href":"https:\/\/blog.lapecera.ch\/index.php?rest_route=\/wp\/v2\/posts"}],"about":[{"href":"https:\/\/blog.lapecera.ch\/index.php?rest_route=\/wp\/v2\/types\/post"}],"author":[{"embeddable":true,"href":"https:\/\/blog.lapecera.ch\/index.php?rest_route=\/wp\/v2\/users\/3"}],"replies":[{"embeddable":true,"href":"https:\/\/blog.lapecera.ch\/index.php?rest_route=%2Fwp%2Fv2%2Fcomments&post=932"}],"version-history":[{"count":0,"href":"https:\/\/blog.lapecera.ch\/index.php?rest_route=\/wp\/v2\/posts\/932\/revisions"}],"wp:attachment":[{"href":"https:\/\/blog.lapecera.ch\/index.php?rest_route=%2Fwp%2Fv2%2Fmedia&parent=932"}],"wp:term":[{"taxonomy":"category","embeddable":true,"href":"https:\/\/blog.lapecera.ch\/index.php?rest_route=%2Fwp%2Fv2%2Fcategories&post=932"},{"taxonomy":"post_tag","embeddable":true,"href":"https:\/\/blog.lapecera.ch\/index.php?rest_route=%2Fwp%2Fv2%2Ftags&post=932"}],"curies":[{"name":"wp","href":"https:\/\/api.w.org\/{rel}","templated":true}]}}