{"id":92,"date":"2007-05-24T21:25:00","date_gmt":"2007-05-24T19:25:00","guid":{"rendered":"http:\/\/lapecera.ch\/?p=92"},"modified":"2007-05-24T21:25:00","modified_gmt":"2007-05-24T19:25:00","slug":"ole","status":"publish","type":"post","link":"https:\/\/blog.lapecera.ch\/?p=92","title":{"rendered":"Ole"},"content":{"rendered":"<p>Ayer me fui a Berna para reunirme con Christoph y juntos ir a ver el concierto de Jarabe de Palo. Es triste, pero es mi primer concierto de pop desde hace tres a\u00f1os T__T<\/p>\n<p>La sala del Bierh\u00fcbeli es tirando a peque\u00f1ita, un poco como el Kaufleuten en Z\u00fcrich (donde cant\u00e9 yo hace 4 a\u00f1os). Es un edificio antiguo, probablemente un teatro en otros tiempos. Tiene encanto. <\/p>\n<p>El concierto estuvo genial, aunque me supo a poco. Duro algo m\u00e1s de hora y media y, a pesar de que tocaron sus canciones m\u00e1s conocidas y nos dedicaron a las mujeres del local la de &#8220;Agua&#8221; (una de mis preferidas), se dejaron &#8220;Ying, yang&#8221;, &#8220;Menos que un amor, m\u00e1s que un amigo&#8221; o &#8220;1m2 (un metro cuadrado)&#8221;. Del \u00faltimo disco cantaron seis canciones. <\/p>\n<p>Lo mejor de todo fue la gente que hab\u00eda en la sala, estaba llena de espa\u00f1oles. Era como estar en casa xDDD Y Pau Don\u00e9s hablando, o mejor dicho, intentando hablar, en ingl\u00e9s <span style=\"font-size:75%\">Now that we are in Swiss<\/span> xDDDDD<\/p>\n<p>A todo esto y hablando de m\u00fasica, ma\u00f1ana tengo el primer ensayo con la <em>Itsystems All Star Band<\/em>. Ya tenemos un repertorio rockero que a m\u00ed no me gusta mucho, pero no me hacen caso cuando digo qu\u00e9 canciones quiero yo >.< \u00a1Ah! Las pelucas han llegado, me parto con las pintas que tenemos con ellas puestas xDDDDD El repertorio es el siguiente:\n\n&#8211; <a href=\"http:\/\/www.youtube.com\/watch?v=krK7Q49o6uA\" target=\"_blank\">&#8220;Whatever you want&#8221;<\/a> de Status Quo<br \/>&#8211; <a href=\"http:\/\/www.youtube.com\/watch?v=qOgecr8Kf0k\" target=\"_blank\">&#8220;Layla&#8221;<\/a> de Derek and the Dominoes (tambi\u00e9n cantada por Eric Clapton)<br \/>&#8211; <a href=\"http:\/\/www.youtube.com\/watch?v=e1h7zZAs3OI\" target=\"_blank\">&#8220;Start me up&#8221;<\/a> de The Rolling Stones<br \/>&#8211; <a href=\"http:\/\/www.youtube.com\/watch?v=WBNMRp8hONQ\" target=\"_blank\">&#8220;Don&#8217;t stop&#8221;<\/a> de Fleetwood Mac<br \/>&#8211; <a href=\"http:\/\/www.youtube.com\/watch?v=9YAHodp2H2Y\" target=\"_blank\">&#8220;U + Ur hand&#8221;<\/a> de P!NK (\u00e9sta nos la propusieron hoy, pero es mu dif\u00edcil >.<)\n\nOs dejo, voy a seguir con &#8220;Heroes&#8221;, que me tiene enganchad\u00edsima. Volver\u00e9 a contaros c\u00f3mo me va con nuestra &#8220;banda&#8221; xDD\n\nCon esto y un bizcocho&#8230; Besos<br \/>Cris<\/p>\n","protected":false},"excerpt":{"rendered":"<p>Ayer me fui a Berna para reunirme con Christoph y juntos ir a ver el concierto de Jarabe de Palo. Es triste, pero es mi primer concierto de pop desde hace tres a\u00f1os T__T La sala del Bierh\u00fcbeli es tirando a peque\u00f1ita, un poco como el Kaufleuten en Z\u00fcrich (donde cant\u00e9 yo hace 4 a\u00f1os). [&hellip;]<\/p>\n","protected":false},"author":3,"featured_media":0,"comment_status":"open","ping_status":"closed","sticky":false,"template":"","format":"standard","meta":{"footnotes":""},"categories":[],"tags":[],"class_list":["post-92","post","type-post","status-publish","format-standard","hentry"],"_links":{"self":[{"href":"https:\/\/blog.lapecera.ch\/index.php?rest_route=\/wp\/v2\/posts\/92","targetHints":{"allow":["GET"]}}],"collection":[{"href":"https:\/\/blog.lapecera.ch\/index.php?rest_route=\/wp\/v2\/posts"}],"about":[{"href":"https:\/\/blog.lapecera.ch\/index.php?rest_route=\/wp\/v2\/types\/post"}],"author":[{"embeddable":true,"href":"https:\/\/blog.lapecera.ch\/index.php?rest_route=\/wp\/v2\/users\/3"}],"replies":[{"embeddable":true,"href":"https:\/\/blog.lapecera.ch\/index.php?rest_route=%2Fwp%2Fv2%2Fcomments&post=92"}],"version-history":[{"count":0,"href":"https:\/\/blog.lapecera.ch\/index.php?rest_route=\/wp\/v2\/posts\/92\/revisions"}],"wp:attachment":[{"href":"https:\/\/blog.lapecera.ch\/index.php?rest_route=%2Fwp%2Fv2%2Fmedia&parent=92"}],"wp:term":[{"taxonomy":"category","embeddable":true,"href":"https:\/\/blog.lapecera.ch\/index.php?rest_route=%2Fwp%2Fv2%2Fcategories&post=92"},{"taxonomy":"post_tag","embeddable":true,"href":"https:\/\/blog.lapecera.ch\/index.php?rest_route=%2Fwp%2Fv2%2Ftags&post=92"}],"curies":[{"name":"wp","href":"https:\/\/api.w.org\/{rel}","templated":true}]}}