{"id":91,"date":"2007-05-23T13:16:00","date_gmt":"2007-05-23T11:16:00","guid":{"rendered":"http:\/\/lapecera.ch\/?p=91"},"modified":"2007-05-23T13:16:00","modified_gmt":"2007-05-23T11:16:00","slug":"asvireca-ii-ding-dong-im-mai-in-basel","status":"publish","type":"post","link":"https:\/\/blog.lapecera.ch\/?p=91","title":{"rendered":"Vacaciones de Cris y AsViReCa II: Ding, dong, im Mai in Basel&#8230;"},"content":{"rendered":"<p>El fin de semana de &#8220;vacaciones&#8221; con amigas y hermana ya se ha acabado \ud83d\ude41<\/p>\n<p>Lo cierto es que lo pasamos muy bien, pero como siempre supo a poco&#8230; A\u00fan no me hab\u00eda acostumbrado a tenerlas en casa, y ya se hab\u00edan ido T____T Pero bueno&#8230; ya volver\u00e1n xDDDD<\/p>\n<p>Este fin de semana fue, aparte de divertido (como siempre que nos juntamos las cuatro locas), interesante. \u00bfDestacable? Pues&#8230; A ver que me vaya acordando:<\/p>\n<p>&#8211; La obsesi\u00f3n que demostramos casi todos, en especial yo <span size=\"75%\">(jol\u00edn, despu\u00e9s de todo yo me quiero comprar una igual)<\/span> por el camar\u00f3n -de la isla- de Cristina. Y el trabajo que cost\u00f3 acostumbrarse a que no hay que calcar el bot\u00f3n con demasiada intensidad, o luego te sale Cristina bailando en la foto xDDD Nuestra mayor preocupaci\u00f3n es que la c\u00e1mara llegase sana y salva a casa xDDD<\/p>\n<p>&#8211; <em>Ding, dong, im Mai in Basel, rings ums sing&#8217;n und kling&#8217;ln, und alle sing&#8217;n mit!!<\/em> No, no estoy como una puta cabra&#8230; Bueno, s\u00ed que lo estoy, pero no viene al caso&#8230; Esta cancioncilla, junto con la de &#8220;Sangena&#8221; nos acompa\u00f1\u00f3 durante tooooddooooo el fin de semana, hasta el punto de llegar a pegarsela a las que no la hab\u00eda oido nunca. \u00bfDe d\u00f3nde sali\u00f3? Pues que en Basel este fin de semana pasado fue el festival de coros juveniles de Europa y, aunque no consegu\u00ed entradas para el concierto final, s\u00ed que pudimos disfrutar del &#8220;Offenes Singen&#8221; dentro del Ayuntamiento el jueves. Junto con un coro de chicas de Z\u00fcrich todas las personas congregadas en el patio interior del Rathaus de Basilea, dirigidas por un tal Michael Gohl, cantamos algunas canciones populares suizas y de otros sitios (hasta en japon\u00e9s cantamos xD), entre las que se encontraban &#8220;Sangena&#8221; y &#8220;Ding, dong, im Mai in Basel&#8221;, que ten\u00edan hasta coreograf\u00eda y todo&#8230; Y lo m\u00e1s importante: Sonaba bien y hasta cantamos a cuatro voces o.O<\/p>\n<p>&#8211; La visita a Lucerna y Berna (el viernes) y a Solothurn y H\u00e4gendorf (el s\u00e1bado) transcurrieron sin problemas. Cogimos un barco que nos llev\u00f3 a Vitznau por el lago de Lucerna, aunque no pudimos subir al Rigi porque arriba no estaba tan bueno como abajo. Disfrutamos viendo la fuente de la plaza del parlamento en Berna e intentando sacarle fotos. Visitamos un lugar de peregrinaje, refugio de ermita\u00f1os en otros tiempos en la Verenaschlucht (o la Garganta de Verena, parece cualquier cosa, menos lo que es \u00ac\u00ac) cerca de Solothurn. Sabine conoci\u00f3 por fin a mi hermana y todas conocieron en persona a los enanos. Emma consigui\u00f3 calmar a Raphael demostrando una vez m\u00e1s su (de)formaci\u00f3n profesional. Dominik le ofreci\u00f3 trabajo a Maria&#8230; y a Cristina&#8230; Y evidentemente le sacamos fotos a todo y a todos xDD<\/p>\n<p>&#8211; El s\u00e1bado por la ma\u00f1ana nos fuimos a Basel a ense\u00f1arselo a Cristina y de paso a quedar con un amigo de ella, que vive por aqu\u00ed. Tomamos algo cerca del Rin y, despu\u00e9s de llevar a Maria a la estaci\u00f3n y despedirnos del chico, cruzamos el r\u00edo en un F\u00e4hri y llegamos a la plaza de la catedral donde nos encontramos con que los ni\u00f1os del festival de coros estaban cantando en la calle en plan improvisado. Pudimos escuchar al coro fin\u00e9s, al lituano y al checo. Por la noche, despu\u00e9s de cenar de barbacoa, descubrimos &#8220;Prison Break&#8221;, hicimos cuentas y compartimos fotos.<\/p>\n<p>&#8211; Lo m\u00e1s asombroso de la semana es que consiguiesemos cocinar durante tres\/cuatro d\u00edas sin usar queso o demasiado picante O.o <\/p>\n<p>&#8211; Les Luthiers hicieron acto de presencia durante todo el fin de semana ya fuera por hache o por be&#8230; &#8220;Y la vinchuca cuando muge hace vinchuu, vinchuuu&#8221; (para quienes no lo sepan, la vinchuca es un insecto que trasmite el mal de Chagas O.o) o cuando nos pusimos a cantar &#8220;La bella y graciosa moza&#8221;. Tuvimos que ser pesadas porque mi hermana lleg\u00f3 a casa pregunt\u00e1ndole a mi madre si conoc\u00eda Les Luthiers y si sab\u00eda cu\u00e1l era la canci\u00f3n de la moza xDD Ayer estuvo viendo v\u00eddeos en el Youtube xDD<\/p>\n<p>Y bueno, lo dicho el fin de semana estuvo genial y lo pasamos muy bien. Colgar\u00e9 las fotos cuando haya hecho una selecci\u00f3n de las tropecientas que tengo \u00ac\u00ac<\/p>\n<p>Hoy me voy a ver a Jarabe de Palo en concierto en Berna, ya os contar\u00e9 qu\u00e9 tal.<\/p>\n<p>Con esto y un bizcocho&#8230; Besos<br \/>Cris<\/p>\n<p>PS: Las hormigas nos invaden >.<\n<\/p>\n","protected":false},"excerpt":{"rendered":"<p>El fin de semana de &#8220;vacaciones&#8221; con amigas y hermana ya se ha acabado \ud83d\ude41 Lo cierto es que lo pasamos muy bien, pero como siempre supo a poco&#8230; A\u00fan no me hab\u00eda acostumbrado a tenerlas en casa, y ya se hab\u00edan ido T____T Pero bueno&#8230; ya volver\u00e1n xDDDD Este fin de semana fue, aparte [&hellip;]<\/p>\n","protected":false},"author":3,"featured_media":0,"comment_status":"open","ping_status":"closed","sticky":false,"template":"","format":"standard","meta":{"footnotes":""},"categories":[],"tags":[],"class_list":["post-91","post","type-post","status-publish","format-standard","hentry"],"_links":{"self":[{"href":"https:\/\/blog.lapecera.ch\/index.php?rest_route=\/wp\/v2\/posts\/91","targetHints":{"allow":["GET"]}}],"collection":[{"href":"https:\/\/blog.lapecera.ch\/index.php?rest_route=\/wp\/v2\/posts"}],"about":[{"href":"https:\/\/blog.lapecera.ch\/index.php?rest_route=\/wp\/v2\/types\/post"}],"author":[{"embeddable":true,"href":"https:\/\/blog.lapecera.ch\/index.php?rest_route=\/wp\/v2\/users\/3"}],"replies":[{"embeddable":true,"href":"https:\/\/blog.lapecera.ch\/index.php?rest_route=%2Fwp%2Fv2%2Fcomments&post=91"}],"version-history":[{"count":0,"href":"https:\/\/blog.lapecera.ch\/index.php?rest_route=\/wp\/v2\/posts\/91\/revisions"}],"wp:attachment":[{"href":"https:\/\/blog.lapecera.ch\/index.php?rest_route=%2Fwp%2Fv2%2Fmedia&parent=91"}],"wp:term":[{"taxonomy":"category","embeddable":true,"href":"https:\/\/blog.lapecera.ch\/index.php?rest_route=%2Fwp%2Fv2%2Fcategories&post=91"},{"taxonomy":"post_tag","embeddable":true,"href":"https:\/\/blog.lapecera.ch\/index.php?rest_route=%2Fwp%2Fv2%2Ftags&post=91"}],"curies":[{"name":"wp","href":"https:\/\/api.w.org\/{rel}","templated":true}]}}