{"id":898,"date":"2010-05-29T10:00:11","date_gmt":"2010-05-29T08:00:11","guid":{"rendered":"http:\/\/lapecera.ch\/?p=898"},"modified":"2010-05-29T10:00:11","modified_gmt":"2010-05-29T08:00:11","slug":"dia-18-el-libro-con-la-portada-mas-bonita","status":"publish","type":"post","link":"https:\/\/blog.lapecera.ch\/?p=898","title":{"rendered":"[D\u00eda 18] El libro con la portada m\u00e1s bonita"},"content":{"rendered":"<p>Ver\u00e9is, soy un poco friki o mani\u00e1tica o superficial, como quer\u00e1is llamarlo, para estas cosas, as\u00ed que cuando me decido a comprar un libro, procuro que tenga un portada bonita porque en mi cabeza tengo la idea de que ese libro permanecer\u00e1 en mi biblioteca durante muuuuuuuuuucho tiempo. Me encantan las portadas de los \u00faltimos libros de Laura Gallego, por ejemplo, <a href=\"http:\/\/lapecera.ch\/wp-content\/uploads\/2010\/05\/la-emperatriz-de-los-etereos.jpg\" rel=\"lightbox[dia18]\">La emperatriz de los et\u00e9reos<\/a> las re-ediciones de <a href=\"http:\/\/lapecera.ch\/wp-content\/uploads\/2010\/05\/reedicion-laura-gallego.bmp\" rel=\"lightbox[dia18]\">La leyenda del rey errante y El coleccionista de relojes extraordinarios<\/a> o <a href=\"http:\/\/www.alasnegras.es\/index2.html\" target=\"_blank\">cualquiera de las dos Alas<\/a>. La portada de <a href=\"http:\/\/lapecera.ch\/wp-content\/uploads\/2010\/05\/9780575081406.jpg\" rel=\"lightbox[dia18]\">The Name of the Wind<\/a> me invita a leerlo, lo mismo que <a href=\"http:\/\/lapecera.ch\/wp-content\/uploads\/2010\/05\/06334_rubinrot.jpg\" rel=\"lightbox[dia18]\">Rubinrot<\/a>, <a href=\"http:\/\/lapecera.ch\/wp-content\/uploads\/2010\/05\/shiverUK.jpg\" rel=\"lightbox[dia18]\">Shiver<\/a>, <a href=\"http:\/\/lapecera.ch\/wp-content\/uploads\/2010\/05\/scarlet.jpg\" rel=\"lightbox[dia18]\">Peter Pan in red scarlet<\/a>, <a href=\"http:\/\/lapecera.ch\/wp-content\/uploads\/2010\/05\/laprincesaquehablabaconnr2.jpg\" rel=\"lightbox[dia18]\">La princesa que hablaba con el viento<\/a>, <a href=\"http:\/\/lapecera.ch\/wp-content\/uploads\/2010\/05\/tempusfugit.jpg\" rel=\"lightbox[dia18]\">Tempus Fugit<\/a> o <a href=\"http:\/\/lapecera.ch\/wp-content\/uploads\/2010\/05\/moechtegern.jpg\" rel=\"lightbox[dia18]\">M\u00f6chtegern<\/a>. Sin olvidar, mi querido <a href=\"http:\/\/lapecera.ch\/wp-content\/uploads\/2010\/05\/erwacht.jpg\" rel=\"lightbox[dia18]\">Arkadien erwacht<\/a> y su secuela, <a href=\"http:\/\/lapecera.ch\/wp-content\/uploads\/2010\/05\/brennt.jpg\" rel=\"lightbox[dia18]\">Arkadien brennt<\/a>, que a\u00fan no poseo, pero poseer\u00e9&#8230; Pero si hay un libro que compr\u00e9 \u00fanica y exclusivamente por la portada y que a\u00fan no he le\u00eddo porque ya lo he hecho en el idioma original ese es:<\/p>\n<p><strong><span style=\"font-size:120%\">The Valley of the Wolves<\/span><br \/>\nLaura Gallego Garc\u00eda<\/strong><\/p>\n<p><img loading=\"lazy\" decoding=\"async\" src=\"http:\/\/lapecera.ch\/wp-content\/uploads\/2010\/05\/valley-207x300.jpg\" alt=\"\" title=\"valley\" width=\"207\" height=\"300\" class=\"alignnone size-medium wp-image-910\" srcset=\"https:\/\/blog.lapecera.ch\/wp-content\/uploads\/2010\/05\/valley-207x300.jpg 207w, https:\/\/blog.lapecera.ch\/wp-content\/uploads\/2010\/05\/valley.jpg 276w\" sizes=\"auto, (max-width: 207px) 100vw, 207px\" \/><\/p>\n<p>No es que &#8220;El Valle de los lobos&#8221; me apasione, pero cuando Laura colg\u00f3 la portada americana del libro en el foro, me enamor\u00e9 perdidamente de la visi\u00f3n de Dana que tuvo Bill Tsukuda, as\u00ed que cuando sali\u00f3 me lo compr\u00e9&#8230; en amazon.com, que no es lo mismo que amazon.de xDDD \u00bfVeis como soy una friki? \u00a1Ah! El libro lo tengo firmado por Laura, mi madre se lo llev\u00f3 a una de las presentaciones en el B\u00faho Lector ^____^ Es, sin duda, uno de mis libros m\u00e1s preciados&#8230; Quienes hayan estado alguna vez en el foro de Laura Gallego, sabr\u00e1n que llevo el avatar de esa ilustraci\u00f3n de Dana desde que estuvo disponible (hasta hace unas semanas que me dio por cambiarla, pero ya he vuelto xD). Vamos, por mi avatar me reconocer\u00e9is \ud83d\ude1b<\/p>\n<p>Esto queda programado para publicarse ma\u00f1ana que no tendr\u00e9 tiempo para hacerlo&#8230; pero que sep\u00e1is que las <a href=\"http:\/\/www.adidas.com\/Eyewear\/content\/products\/10209\/agilis\" target=\"_blank\">gafas<\/a> ya las he pedido&#8230; en blanco *_____* <\/p>\n<p>Y ahora os dejo, que creo que &#8220;Das Experiment&#8221; ya se est\u00e1 acabando y as\u00ed no tengo que verla v.v<\/p>\n<p>Con esto y un bizcocho&#8230; Besos<br \/>\nCris<\/p>\n<p>PS: Creo que al final de este reto os colgar\u00e9 una foto de mis estanter\u00eda para que ve\u00e1is el caos que tengo en ellas xDDD<\/p>\n","protected":false},"excerpt":{"rendered":"<p>Ver\u00e9is, soy un poco friki o mani\u00e1tica o superficial, como quer\u00e1is llamarlo, para estas cosas, as\u00ed que cuando me decido a comprar un libro, procuro que tenga un portada bonita porque en mi cabeza tengo la idea de que ese libro permanecer\u00e1 en mi biblioteca durante muuuuuuuuuucho tiempo. Me encantan las portadas de los \u00faltimos [&hellip;]<\/p>\n","protected":false},"author":3,"featured_media":0,"comment_status":"open","ping_status":"closed","sticky":false,"template":"","format":"standard","meta":{"footnotes":""},"categories":[],"tags":[],"class_list":["post-898","post","type-post","status-publish","format-standard","hentry"],"_links":{"self":[{"href":"https:\/\/blog.lapecera.ch\/index.php?rest_route=\/wp\/v2\/posts\/898","targetHints":{"allow":["GET"]}}],"collection":[{"href":"https:\/\/blog.lapecera.ch\/index.php?rest_route=\/wp\/v2\/posts"}],"about":[{"href":"https:\/\/blog.lapecera.ch\/index.php?rest_route=\/wp\/v2\/types\/post"}],"author":[{"embeddable":true,"href":"https:\/\/blog.lapecera.ch\/index.php?rest_route=\/wp\/v2\/users\/3"}],"replies":[{"embeddable":true,"href":"https:\/\/blog.lapecera.ch\/index.php?rest_route=%2Fwp%2Fv2%2Fcomments&post=898"}],"version-history":[{"count":0,"href":"https:\/\/blog.lapecera.ch\/index.php?rest_route=\/wp\/v2\/posts\/898\/revisions"}],"wp:attachment":[{"href":"https:\/\/blog.lapecera.ch\/index.php?rest_route=%2Fwp%2Fv2%2Fmedia&parent=898"}],"wp:term":[{"taxonomy":"category","embeddable":true,"href":"https:\/\/blog.lapecera.ch\/index.php?rest_route=%2Fwp%2Fv2%2Fcategories&post=898"},{"taxonomy":"post_tag","embeddable":true,"href":"https:\/\/blog.lapecera.ch\/index.php?rest_route=%2Fwp%2Fv2%2Ftags&post=898"}],"curies":[{"name":"wp","href":"https:\/\/api.w.org\/{rel}","templated":true}]}}