{"id":894,"date":"2010-05-28T10:55:49","date_gmt":"2010-05-28T08:55:49","guid":{"rendered":"http:\/\/lapecera.ch\/?p=894"},"modified":"2010-05-28T10:55:49","modified_gmt":"2010-05-28T08:55:49","slug":"dia-17-un-libro-al-azar-de-mi-estanteria","status":"publish","type":"post","link":"https:\/\/blog.lapecera.ch\/?p=894","title":{"rendered":"[D\u00eda 17] Un libro al azar de mi estanter\u00eda"},"content":{"rendered":"<p>En una de las estanter\u00edas de la parte baja a la izquierda:<\/p>\n<p><strong><span style=\"font-size:120%;\">Elantris<\/span><br \/>\nBrandon Sanderson<\/strong><\/p>\n<p><a href=\"http:\/\/lapecera.ch\/wp-content\/uploads\/2010\/05\/elantris.jpg\" rel=\"example3\"><img loading=\"lazy\" decoding=\"async\" src=\"http:\/\/lapecera.ch\/wp-content\/uploads\/2010\/05\/elantris-225x300.jpg\" alt=\"\" title=\"elantris\" width=\"225\" height=\"300\" class=\"alignnone size-medium wp-image-895\" srcset=\"https:\/\/blog.lapecera.ch\/wp-content\/uploads\/2010\/05\/elantris-225x300.jpg 225w, https:\/\/blog.lapecera.ch\/wp-content\/uploads\/2010\/05\/elantris.jpg 600w\" sizes=\"auto, (max-width: 225px) 100vw, 225px\" \/><\/a><\/p>\n<p>Comprado en la librer\u00eda Schreiber en Olten, primer libro que compr\u00e9 en esa librer\u00eda al llegar a la ciudad y el \u00faltimo. Resulta m\u00e1s sencillo comprar por Amazon o en Orell F\u00fcssli directamente a la salida del trabajo.<\/p>\n<p>Recomendado por Rosa&#8230; Alg\u00fan d\u00eda volver\u00e9 al <em>mode <\/em>fantas\u00eda y me lo leer\u00e9 \ud83d\ude42 Hablan maravillas de \u00e9l&#8230;<\/p>\n<p>Ma\u00f1ana tengo el d\u00eda entero un <em>Workshop<\/em> sobre pintura en la <em>Klubschule Migros<\/em> y por la tarde-noche estaremos <em>babysitting <\/em>a los sobrinos de Christoph en H\u00e4gendorf. Ya os contar\u00e9 si sobrevivo. Entre medias tengo que buscar el libro con la portada m\u00e1s bonita de mi estanter\u00eda e ir a la \u00f3ptica en Olten a pedirme unas gafas de sol nuevas&#8230; No estoy muy segura de si me dar\u00e1 tiempo a hacerlo todo fO.o Si ma\u00f1ana no hay entrada ya sab\u00e9is porqu\u00e9 ha sido xDDD<\/p>\n<p>\u00a1Que teng\u00e1is un buen fin de semana!<\/p>\n<p>Con esto y un bizcocho&#8230; Besos<br \/>\nCris<\/p>\n","protected":false},"excerpt":{"rendered":"<p>En una de las estanter\u00edas de la parte baja a la izquierda: Elantris Brandon Sanderson Comprado en la librer\u00eda Schreiber en Olten, primer libro que compr\u00e9 en esa librer\u00eda al llegar a la ciudad y el \u00faltimo. Resulta m\u00e1s sencillo comprar por Amazon o en Orell F\u00fcssli directamente a la salida del trabajo. Recomendado por [&hellip;]<\/p>\n","protected":false},"author":3,"featured_media":0,"comment_status":"open","ping_status":"closed","sticky":false,"template":"","format":"standard","meta":{"footnotes":""},"categories":[],"tags":[],"class_list":["post-894","post","type-post","status-publish","format-standard","hentry"],"_links":{"self":[{"href":"https:\/\/blog.lapecera.ch\/index.php?rest_route=\/wp\/v2\/posts\/894","targetHints":{"allow":["GET"]}}],"collection":[{"href":"https:\/\/blog.lapecera.ch\/index.php?rest_route=\/wp\/v2\/posts"}],"about":[{"href":"https:\/\/blog.lapecera.ch\/index.php?rest_route=\/wp\/v2\/types\/post"}],"author":[{"embeddable":true,"href":"https:\/\/blog.lapecera.ch\/index.php?rest_route=\/wp\/v2\/users\/3"}],"replies":[{"embeddable":true,"href":"https:\/\/blog.lapecera.ch\/index.php?rest_route=%2Fwp%2Fv2%2Fcomments&post=894"}],"version-history":[{"count":0,"href":"https:\/\/blog.lapecera.ch\/index.php?rest_route=\/wp\/v2\/posts\/894\/revisions"}],"wp:attachment":[{"href":"https:\/\/blog.lapecera.ch\/index.php?rest_route=%2Fwp%2Fv2%2Fmedia&parent=894"}],"wp:term":[{"taxonomy":"category","embeddable":true,"href":"https:\/\/blog.lapecera.ch\/index.php?rest_route=%2Fwp%2Fv2%2Fcategories&post=894"},{"taxonomy":"post_tag","embeddable":true,"href":"https:\/\/blog.lapecera.ch\/index.php?rest_route=%2Fwp%2Fv2%2Ftags&post=894"}],"curies":[{"name":"wp","href":"https:\/\/api.w.org\/{rel}","templated":true}]}}