{"id":880,"date":"2010-05-26T14:34:54","date_gmt":"2010-05-26T12:34:54","guid":{"rendered":"http:\/\/lapecera.ch\/?p=880"},"modified":"2010-05-26T14:34:54","modified_gmt":"2010-05-26T12:34:54","slug":"dia-15-el-cuarto-libro-de-mi-estanteria-empezando-por-la-izquierda","status":"publish","type":"post","link":"https:\/\/blog.lapecera.ch\/?p=880","title":{"rendered":"[D\u00eda 15] El cuarto libro de mi estanter\u00eda empezando por la izquierda"},"content":{"rendered":"<p>En el <del datetime=\"2010-05-28T21:15:59+00:00\">segundo estante <\/del> tercer estante empezando por abajo:<\/p>\n<p><strong><span style=\"font-size:120%;\">The adventures of Sherlock Holmes and The memoirs of Sherlock Holmes<\/span><br \/>\nArthur Conan Doyle<\/strong><\/p>\n<p><a href=\"http:\/\/lapecera.ch\/wp-content\/uploads\/2010\/05\/photo.jpg\" rel=\"example3\" title=\"En el estante de los libros cultos (con alguna que otra excepci\u00f3n)\"><img loading=\"lazy\" decoding=\"async\" src=\"http:\/\/lapecera.ch\/wp-content\/uploads\/2010\/05\/photo-225x300.jpg\" alt=\"\" title=\"photo\" width=\"225\" height=\"300\" class=\"alignnone size-medium wp-image-881\" srcset=\"https:\/\/blog.lapecera.ch\/wp-content\/uploads\/2010\/05\/photo-225x300.jpg 225w, https:\/\/blog.lapecera.ch\/wp-content\/uploads\/2010\/05\/photo.jpg 600w\" sizes=\"auto, (max-width: 225px) 100vw, 225px\" \/><\/a><\/p>\n<p>No puedo decir gran cosa del libro. Es un cl\u00e1sico y espera en mi estanter\u00eda a que yo tenga ganas o tiempo de leerlo \ud83d\ude42<\/p>\n<p>Y ya est\u00e1, ma\u00f1ana ser\u00e1 el noveno libro empezando por la derecha&#8230; \u00bfde qu\u00e9 estante prefer\u00eds? \ud83d\ude42<\/p>\n<p>Con esto y un bizcocho&#8230; Besos<br \/>\nCris<\/p>\n","protected":false},"excerpt":{"rendered":"<p>En el segundo estante tercer estante empezando por abajo: The adventures of Sherlock Holmes and The memoirs of Sherlock Holmes Arthur Conan Doyle No puedo decir gran cosa del libro. Es un cl\u00e1sico y espera en mi estanter\u00eda a que yo tenga ganas o tiempo de leerlo \ud83d\ude42 Y ya est\u00e1, ma\u00f1ana ser\u00e1 el noveno [&hellip;]<\/p>\n","protected":false},"author":3,"featured_media":0,"comment_status":"open","ping_status":"closed","sticky":false,"template":"","format":"standard","meta":{"footnotes":""},"categories":[],"tags":[],"class_list":["post-880","post","type-post","status-publish","format-standard","hentry"],"_links":{"self":[{"href":"https:\/\/blog.lapecera.ch\/index.php?rest_route=\/wp\/v2\/posts\/880","targetHints":{"allow":["GET"]}}],"collection":[{"href":"https:\/\/blog.lapecera.ch\/index.php?rest_route=\/wp\/v2\/posts"}],"about":[{"href":"https:\/\/blog.lapecera.ch\/index.php?rest_route=\/wp\/v2\/types\/post"}],"author":[{"embeddable":true,"href":"https:\/\/blog.lapecera.ch\/index.php?rest_route=\/wp\/v2\/users\/3"}],"replies":[{"embeddable":true,"href":"https:\/\/blog.lapecera.ch\/index.php?rest_route=%2Fwp%2Fv2%2Fcomments&post=880"}],"version-history":[{"count":0,"href":"https:\/\/blog.lapecera.ch\/index.php?rest_route=\/wp\/v2\/posts\/880\/revisions"}],"wp:attachment":[{"href":"https:\/\/blog.lapecera.ch\/index.php?rest_route=%2Fwp%2Fv2%2Fmedia&parent=880"}],"wp:term":[{"taxonomy":"category","embeddable":true,"href":"https:\/\/blog.lapecera.ch\/index.php?rest_route=%2Fwp%2Fv2%2Fcategories&post=880"},{"taxonomy":"post_tag","embeddable":true,"href":"https:\/\/blog.lapecera.ch\/index.php?rest_route=%2Fwp%2Fv2%2Ftags&post=880"}],"curies":[{"name":"wp","href":"https:\/\/api.w.org\/{rel}","templated":true}]}}