{"id":88,"date":"2007-05-10T14:18:00","date_gmt":"2007-05-10T12:18:00","guid":{"rendered":"http:\/\/lapecera.ch\/?p=88"},"modified":"2007-05-10T14:18:00","modified_gmt":"2007-05-10T12:18:00","slug":"and-im-back-in-the-game","status":"publish","type":"post","link":"https:\/\/blog.lapecera.ch\/?p=88","title":{"rendered":"And I&#8217;m back in the game&#8230;"},"content":{"rendered":"<p>\u00a1\u00a1\u00a1\u00a1S\u00ed\u00ed\u00ed\u00ed\u00ed\u00ed\u00ed\u00ed\u00ed\u00ed\u00ed\u00ed\u00ed\u00ed\u00ed\u00ed\u00ed\u00ed\u00ed\u00ed\u00ed\u00ed\u00ed\u00ed\u00ed\u00ed\u00ed\u00ed\u00ed\u00ed\u00ed\u00ed\u00ed\u00ed\u00ed\u00ed\u00ed\u00ed\u00ed\u00ed\u00ed\u00ed\u00ed!!!!<\/p>\n<p>Cantar\u00e9, lalalalalala, cantar\u00e9 el 29 de junio, laralaralaralarararara, cantar\u00e9\u00e9\u00e9\u00e9\u00e9\u00e9\u00e9\u00e9\u00e9\u00e9\u00e9\u00e9\u00e9\u00e9\u00e9\u00e9\u00e9\u00e9\u00e9\u00e9\u00e9\u00e9\u00e9&#8230;<\/p>\n<p>En la Hoffest (&#8220;Fiesta del Patio&#8221; de itsystems) nuestros compa\u00f1eros han montao una peque\u00f1a banda (con bajo, teclados, bateria, guitarra y todo eso) para hacer la gracia y Katharina y yo compartiremos escenario y cantaremos con ellos&#8230; Sabe dios qu\u00e9 saldr\u00e1 de ah\u00ed, sobre todo, teniendo en cuenta la &#8220;peaso&#8221; voz que tiene ella y la poquita cosa que tengo yo >.<\n\nHoy por la ma\u00f1ana ella hablaba de montar un espect\u00e1culo con disfraces, pelucas y la de mi madre para cantar canciones del estilo motown, como &#8220;We are family&#8221;, &#8220;You can&#8217;t hurry love&#8221;, etc. Los chicos de la banda nos han propuesto cantar &#8220;Alperose&#8221; en alem\u00e1n suizo. Katharina no est\u00e1 por la labor, aunque la canci\u00f3n no est\u00e1 mal y ser\u00eda una sorpresa pa muchos que la espa\u00f1ola y la alemana se pusieran a cantar en alem\u00e1n suizo, de repente xDD Estoy haciendo una lista, pero no se me ocurre casi nada. Tengo canciones de Cindy Lauper, de The Bangles, de Blondie y poco m\u00e1s. El resto est\u00e1n cantadas por t\u00edos como &#8220;I still haven&#8217;t found what I&#8217;m looking for&#8221; o &#8220;Every breath you take&#8221; y encima son algo paraditas. Y nuestros chicos son m\u00e1s bien rockeros&#8230; xDDD <strong>Si ten\u00e9is alguna idea, ya sab\u00e9is c\u00f3mo hac\u00e9rmelo saber (y as\u00ed de paso tengo comentarios *muajajaja*).<\/strong><\/p>\n<p>Y hoy una vez m\u00e1s he descubierto un tesoro en nuestro media drive: toda la primera temporada de &#8220;Heroes&#8221;&#8230; \u00a1\u00a1\u00a1\u00a1Al finnnnnn!!!! Me he grabao los cuatro primeros pa verlos hoy, si puedo&#8230; \u00a1Qu\u00e9 contenta estoyyy!<\/p>\n<p>Buscando canciones he descubierto &#8220;Hurt&#8221; de Christina Aguilera, que, bueno, ya conoc\u00eda, pero hoy al escucharla me volvi\u00f3 a enamorar. Me gusta mucho esta chica, cuando canta tranquilo. Tiene una voz poderosa (he leido que llega a cantar un Sol6 O.O). Como me gustar\u00eda poseer sus cuerdas vocales *\u00ac* Aqu\u00ed os la dejo, por cierto, el video es una pasada y est\u00e1 co-dirigido por ella misma:<\/p>\n<p><object width=\"325\" height=\"268\"><param name=\"movie\" value=\"http:\/\/www.youtube.com\/v\/lbcltLf2VHo\"><\/param><param name=\"wmode\" value=\"transparent\"><\/param><embed src=\"http:\/\/www.youtube.com\/v\/lbcltLf2VHo\" type=\"application\/x-shockwave-flash\" wmode=\"transparent\" width=\"325\" height=\"268\"><\/embed><\/object><\/p>\n<p>Con esto y un bizcocho&#8230; Besos<br \/>Cris<\/p>\n<p>@lilith: Me lleg\u00f3 tu postal y justo encima de la foto ven\u00eda una pegatina del &#8220;Royal Mail&#8221; que dec\u00eda: &#8220;The sender didn&#8217;t pay enough Airmail postage on this item, so we had to divert it to an alternative service &#8211; sorry if there was a delay&#8221;. Les falt\u00f3 a\u00f1adir: &#8220;Blame the sender, not us&#8221;. Me pregunto si la desviaron al servicio del Pony Express de los Jubilados, porque anda que no se lo tomaron con calma estos tipos xDD Pos na, muchas gracias, es mon\u00edsima ^____^<\/p>\n","protected":false},"excerpt":{"rendered":"<p>\u00a1\u00a1\u00a1\u00a1S\u00ed\u00ed\u00ed\u00ed\u00ed\u00ed\u00ed\u00ed\u00ed\u00ed\u00ed\u00ed\u00ed\u00ed\u00ed\u00ed\u00ed\u00ed\u00ed\u00ed\u00ed\u00ed\u00ed\u00ed\u00ed\u00ed\u00ed\u00ed\u00ed\u00ed\u00ed\u00ed\u00ed\u00ed\u00ed\u00ed\u00ed\u00ed\u00ed\u00ed\u00ed\u00ed\u00ed!!!! Cantar\u00e9, lalalalalala, cantar\u00e9 el 29 de junio, laralaralaralarararara, cantar\u00e9\u00e9\u00e9\u00e9\u00e9\u00e9\u00e9\u00e9\u00e9\u00e9\u00e9\u00e9\u00e9\u00e9\u00e9\u00e9\u00e9\u00e9\u00e9\u00e9\u00e9\u00e9\u00e9&#8230; En la Hoffest (&#8220;Fiesta del Patio&#8221; de itsystems) nuestros compa\u00f1eros han montao una peque\u00f1a banda (con bajo, teclados, bateria, guitarra y todo eso) para hacer la gracia y Katharina y yo compartiremos escenario y cantaremos con ellos&#8230; Sabe dios qu\u00e9 saldr\u00e1 de ah\u00ed, sobre todo, [&hellip;]<\/p>\n","protected":false},"author":3,"featured_media":0,"comment_status":"open","ping_status":"closed","sticky":false,"template":"","format":"standard","meta":{"footnotes":""},"categories":[],"tags":[],"class_list":["post-88","post","type-post","status-publish","format-standard","hentry"],"_links":{"self":[{"href":"https:\/\/blog.lapecera.ch\/index.php?rest_route=\/wp\/v2\/posts\/88","targetHints":{"allow":["GET"]}}],"collection":[{"href":"https:\/\/blog.lapecera.ch\/index.php?rest_route=\/wp\/v2\/posts"}],"about":[{"href":"https:\/\/blog.lapecera.ch\/index.php?rest_route=\/wp\/v2\/types\/post"}],"author":[{"embeddable":true,"href":"https:\/\/blog.lapecera.ch\/index.php?rest_route=\/wp\/v2\/users\/3"}],"replies":[{"embeddable":true,"href":"https:\/\/blog.lapecera.ch\/index.php?rest_route=%2Fwp%2Fv2%2Fcomments&post=88"}],"version-history":[{"count":0,"href":"https:\/\/blog.lapecera.ch\/index.php?rest_route=\/wp\/v2\/posts\/88\/revisions"}],"wp:attachment":[{"href":"https:\/\/blog.lapecera.ch\/index.php?rest_route=%2Fwp%2Fv2%2Fmedia&parent=88"}],"wp:term":[{"taxonomy":"category","embeddable":true,"href":"https:\/\/blog.lapecera.ch\/index.php?rest_route=%2Fwp%2Fv2%2Fcategories&post=88"},{"taxonomy":"post_tag","embeddable":true,"href":"https:\/\/blog.lapecera.ch\/index.php?rest_route=%2Fwp%2Fv2%2Ftags&post=88"}],"curies":[{"name":"wp","href":"https:\/\/api.w.org\/{rel}","templated":true}]}}