{"id":873,"date":"2010-05-25T21:14:06","date_gmt":"2010-05-25T19:14:06","guid":{"rendered":"http:\/\/lapecera.ch\/?p=873"},"modified":"2010-05-25T21:14:06","modified_gmt":"2010-05-25T19:14:06","slug":"to-be-or-not-to-be","status":"publish","type":"post","link":"https:\/\/blog.lapecera.ch\/?p=873","title":{"rendered":"To be or not to be"},"content":{"rendered":"<p>O mejor dicho, voy o no voy&#8230; El caso es que estoy dividida. Tengo dos posibilidades para el fin de semana del 4-6 de junio. <\/p>\n<p>Por un lado, puedo ir a hacer el curso &#8220;Eiskurs&#8221; con el SAC y mi se\u00f1or medio lim\u00f3n el d\u00eda 5, a sufrir como una idiota y no s\u00f3lo f\u00edsicamente, sino tambi\u00e9n mentalmente porque &#8220;eis&#8221; significa subirme a un glaciar con el miedo que le tengo yo al hielo, a los glaciares y a las grietas (lo \u00fanico bueno ser\u00eda que tendr\u00eda una buena excusa para comprarme ese sexy piolet de Black Diamond que me llama desde las estanter\u00edas de B\u00e4chli cada vez que voy). Por otro lado, tengo la posibilidad de ir a un concierto de La Oreja de Van Gogh en el Club X-Tra en Zurich en el sexto a\u00f1o de <a href=\"http:\/\/www.x-tra.ch\/eventinfo_20100604_1312.html\" class=\"example7\">Rock Latino<\/a> el d\u00eda 4. <\/p>\n<p>Evidentemente una cosa excluye a la otra, porque lo que no voy a hacer es ir de fiesta el viernes y luego ir a sufrir todav\u00eda m\u00e1s a la monta\u00f1a al d\u00eda siguiente. S\u00e9 que la perspectiva de ir a un concierto de LODVG no es especialmente alentador y a muchos no les disuadir\u00eda de ir a hacer de cabra montesa al d\u00eda siguiente, pero teniendo en cuenta que es la primera vez que vienen a Suiza, que hace 10 a\u00f1os que no los veo en concierto y que estoy intrigad\u00edsima por escuchar a Leire Mart\u00ednez cantando &#8220;Rosas&#8221; o &#8220;Deseos de cosas imposibles&#8221; en directo, me parece una excusa tremendamente adecuada para eludir el dolor, el sufrimiento y el miedo (y probablemente el ataque de p\u00e1nico) que voy a pasar el s\u00e1bado en la monta\u00f1a. <\/p>\n<p>Supongo que estoy a un solo click y 64 francos de mandar a fre\u00edr esp\u00e1rragos al SAC y a mi novio aka \u00edbice e ir a pasar un noche bailando en el club X-tra de Zurich con mis amig@ss: Mercedes y Thomas ya se han apuntado, a ver si se apunta el resto, ser\u00eda genial *______*<\/p>\n<p>En fin&#8230; ya os contar\u00e9 lo que decido al final. Vamos, os enterar\u00e9is segur\u00edsimamente xDDD<\/p>\n<p>Con esto y un bizcocho&#8230; Besos<br \/>\nCris<\/p>\n<p>PS: El viernes naci\u00f3 Luis, el hijo de mi compa\u00f1era de trabajo, Silvie. El lunes por la ma\u00f1ana mientras desayunaba me dio por pensar en ella y en que el beb\u00e9 ya deber\u00eda haber nacido y se me pas\u00f3 por la cabeza que Luis ser\u00eda un nombre apropiado para el peque\u00f1o porque es corto y s\u00f3lo tiene una s\u00edlaba, que es lo que su madre quer\u00eda. \u00bfOs pod\u00e9is imaginar la cara que se me qued\u00f3 cuando una hora m\u00e1s tarde me sentaba al ordenador para completar la instalaci\u00f3n y le\u00eda el e-mail de Silvie con la noticia? Igual deber\u00eda probar suerte con la loter\u00eda fO.o<\/p>\n","protected":false},"excerpt":{"rendered":"<p>O mejor dicho, voy o no voy&#8230; El caso es que estoy dividida. Tengo dos posibilidades para el fin de semana del 4-6 de junio. Por un lado, puedo ir a hacer el curso &#8220;Eiskurs&#8221; con el SAC y mi se\u00f1or medio lim\u00f3n el d\u00eda 5, a sufrir como una idiota y no s\u00f3lo f\u00edsicamente, [&hellip;]<\/p>\n","protected":false},"author":3,"featured_media":0,"comment_status":"open","ping_status":"closed","sticky":false,"template":"","format":"standard","meta":{"footnotes":""},"categories":[],"tags":[],"class_list":["post-873","post","type-post","status-publish","format-standard","hentry"],"_links":{"self":[{"href":"https:\/\/blog.lapecera.ch\/index.php?rest_route=\/wp\/v2\/posts\/873","targetHints":{"allow":["GET"]}}],"collection":[{"href":"https:\/\/blog.lapecera.ch\/index.php?rest_route=\/wp\/v2\/posts"}],"about":[{"href":"https:\/\/blog.lapecera.ch\/index.php?rest_route=\/wp\/v2\/types\/post"}],"author":[{"embeddable":true,"href":"https:\/\/blog.lapecera.ch\/index.php?rest_route=\/wp\/v2\/users\/3"}],"replies":[{"embeddable":true,"href":"https:\/\/blog.lapecera.ch\/index.php?rest_route=%2Fwp%2Fv2%2Fcomments&post=873"}],"version-history":[{"count":0,"href":"https:\/\/blog.lapecera.ch\/index.php?rest_route=\/wp\/v2\/posts\/873\/revisions"}],"wp:attachment":[{"href":"https:\/\/blog.lapecera.ch\/index.php?rest_route=%2Fwp%2Fv2%2Fmedia&parent=873"}],"wp:term":[{"taxonomy":"category","embeddable":true,"href":"https:\/\/blog.lapecera.ch\/index.php?rest_route=%2Fwp%2Fv2%2Fcategories&post=873"},{"taxonomy":"post_tag","embeddable":true,"href":"https:\/\/blog.lapecera.ch\/index.php?rest_route=%2Fwp%2Fv2%2Ftags&post=873"}],"curies":[{"name":"wp","href":"https:\/\/api.w.org\/{rel}","templated":true}]}}