{"id":87,"date":"2007-05-07T13:22:00","date_gmt":"2007-05-07T11:22:00","guid":{"rendered":"http:\/\/lapecera.ch\/?p=87"},"modified":"2007-05-07T13:22:00","modified_gmt":"2007-05-07T11:22:00","slug":"quitando-etiquetas","status":"publish","type":"post","link":"https:\/\/blog.lapecera.ch\/?p=87","title":{"rendered":"Quitando etiquetas"},"content":{"rendered":"<p>Buuaaaa, \u00faltimamente nada funciona bien en este blog&#8230; Bueno&#8230; tampoco nos pasemos xDD Lo que no funciona son las dichosas etiquetas. Hoy he descubierto porqu\u00e9: no acepta los espacios, aunque no tiene mucha l\u00f3gica, porque antes los aceptaba&#8230; >.< El caso es que o es el blogger o es mi servidor que est\u00e1 flipao, pero he decidido quitar las etiquetas durante un tiempo. Ya volver\u00e9 a ponerlas: buscar\u00e9, de paso, mejores nombres xD\n\nEl otro d\u00eda se me rompi\u00f3 la guitarra T___T En realidad, s\u00f3lo se me ha roto la clavija de la quinta cuerda, pero vamos, sin clavija no hay manera de afinar la cuerda :P He ido a preguntar por el coste de la reparaci\u00f3n y no fueron nada concluyentes, as\u00ed que esta semana le quitar\u00e9 la clavija a la guitarra, la llevar\u00e9 de muestra a comprarme una nueva y, si por esas no funcioan, me compro un ukelele.\n\nS\u00ed, s\u00ed, un ukelele, esa guitarrita peque\u00f1ita, pariente del cuatro, que sol\u00eda tocarnos a veces nuestro profesor de la rondalla (y que tambi\u00e9n tocaba uno de los chicos de la rondalla a la que m\u00e1s tarde me incorpor\u00e9). \u00a1Ah! \u00bfQue no os hab\u00eda dicho que &#8220;s\u00e9&#8221; tocar la guitarra? \u00a1Vaya! \u00a1Qu\u00e9 despiste! Pues s\u00ed, fue all\u00e1 en mis a\u00f1os de colegio, cuando entre mi madre y su amiga montaron la rondalla del colegio p\u00fablico de La Corredoria. Yo no quer\u00eda participar, a m\u00ed me molaba m\u00e1s ballet, pero nada&#8230; mi madre se empe\u00f1\u00f3 y no es f\u00e1cil llevarle la contraria a tu madre cuando s\u00f3lo tienes 7 a\u00f1os. Cuando ya estaba en la rondalla, yo quise tocar la bandurria, pero como habia pocos la\u00fades, mi madre sacrific\u00f3 a su propia hija y la oblig\u00f3 a tocar ese instrumento que, adem\u00e1s de feo (estoy hablando del la\u00fad moderno, \u00a1ojo!), suena extremaaaaaaaaaaaaaaadamenteeee triste. A\u00f1os m\u00e1s tarde, decid\u00ed cambiar a la guitarra, pero, seamos sinceros, nunca aprend\u00ed a tocarla bien del todo&#8230; As\u00ed es la triste historia de mi vida como guitarrista&#8230; \u00a1Snif, snif!\n\nA otra cosa, mariposa: ayer me pas\u00e9 parte de la tarde haciendo de ni\u00f1era&#8230; S\u00ed, s\u00ed, lo que o\u00eds&#8230; \u00a1Cristina, de ni\u00f1era! Y os preguntar\u00e9is: \u00bfY sobrevivi\u00f3 el ni\u00f1o? Pues, lo mejor ser\u00eda preguntar si sobreviv\u00ed yo, porque tanto correr pa un lado y pa otro, casi acaba conmigo. Hice m\u00e1s deporte esa tarde que en todo un mes yendo a correr dos veces por semana&#8230; La gracia de todo esto es que lo pas\u00e9 bien o.O aunque Janis \u2014uy, vaya, se me olvid\u00f3 decir que hice de ni\u00f1era de mi sobrino, mientras Christoph se dedicaba a hacer de asesor fiscal de su hermana, o sea, que le hac\u00eda la declaraci\u00f3n de la renta\u2014 y yo no acabamos de entendernos del todo \u00ac\u00ac Lo que m\u00e1s me gust\u00f3 fue jugar con el perro, Jaro, que es mon\u00edsimo de la muerte y me daba la patita cuando se la ped\u00eda *\u00ac* Raphael se pas\u00f3 casi toda la tarde con sus abuelos en el piso de arriba o llorando en el piso de abajo \u00ac\u00ac Pero el baby est\u00e1 muy guapo y se parece un mogoll\u00f3n a su hermano (pero con el pelo algo m\u00e1s oscuro).\n\nHoy he conseguido recuperar mi bici porque ayer Christoph se gan\u00f3 una &#8220;nueva&#8221; con un color fucsia horroroso que no creo que le vaya a robar nadie en su sano juicio xDD\n\nY na, de momento no tengo nada m\u00e1s interesante que contar, si es que esto se puede considerar interesante. Han vuelto las nubes, la lluvia y el fr\u00edo primaveral a Basel y &#8220;En Basel&#8221; ha vuelto al foro de LGG&#8230; En menudo berenjenal me he metido, ahora tengo que seguir escribiendo por narices xDDD\n\nEsto ha sido todo por hoy&#8230; Volver\u00e9 a contaros qu\u00e9 tal me va con el ukelele&#8230;\n\nCon esto y un bizcocho&#8230; Besos<br \/>Cris<\/p>\n<p>PS: Blogger me acusa de spamer y tengo que hacer un &#8220;Word Verification&#8221; para poder publicar O_________O<\/p>\n","protected":false},"excerpt":{"rendered":"<p>Buuaaaa, \u00faltimamente nada funciona bien en este blog&#8230; Bueno&#8230; tampoco nos pasemos xDD Lo que no funciona son las dichosas etiquetas. Hoy he descubierto porqu\u00e9: no acepta los espacios, aunque no tiene mucha l\u00f3gica, porque antes los aceptaba&#8230; >.< El caso es que o es el blogger o es mi servidor que est\u00e1 flipao, pero [&hellip;]\n<\/p>\n","protected":false},"author":3,"featured_media":0,"comment_status":"open","ping_status":"closed","sticky":false,"template":"","format":"standard","meta":{"footnotes":""},"categories":[],"tags":[],"class_list":["post-87","post","type-post","status-publish","format-standard","hentry"],"_links":{"self":[{"href":"https:\/\/blog.lapecera.ch\/index.php?rest_route=\/wp\/v2\/posts\/87","targetHints":{"allow":["GET"]}}],"collection":[{"href":"https:\/\/blog.lapecera.ch\/index.php?rest_route=\/wp\/v2\/posts"}],"about":[{"href":"https:\/\/blog.lapecera.ch\/index.php?rest_route=\/wp\/v2\/types\/post"}],"author":[{"embeddable":true,"href":"https:\/\/blog.lapecera.ch\/index.php?rest_route=\/wp\/v2\/users\/3"}],"replies":[{"embeddable":true,"href":"https:\/\/blog.lapecera.ch\/index.php?rest_route=%2Fwp%2Fv2%2Fcomments&post=87"}],"version-history":[{"count":0,"href":"https:\/\/blog.lapecera.ch\/index.php?rest_route=\/wp\/v2\/posts\/87\/revisions"}],"wp:attachment":[{"href":"https:\/\/blog.lapecera.ch\/index.php?rest_route=%2Fwp%2Fv2%2Fmedia&parent=87"}],"wp:term":[{"taxonomy":"category","embeddable":true,"href":"https:\/\/blog.lapecera.ch\/index.php?rest_route=%2Fwp%2Fv2%2Fcategories&post=87"},{"taxonomy":"post_tag","embeddable":true,"href":"https:\/\/blog.lapecera.ch\/index.php?rest_route=%2Fwp%2Fv2%2Ftags&post=87"}],"curies":[{"name":"wp","href":"https:\/\/api.w.org\/{rel}","templated":true}]}}