{"id":868,"date":"2010-05-25T13:47:57","date_gmt":"2010-05-25T11:47:57","guid":{"rendered":"http:\/\/lapecera.ch\/?p=868"},"modified":"2010-05-25T13:47:57","modified_gmt":"2010-05-25T11:47:57","slug":"dia-14-un-libro-de-mi-ninez","status":"publish","type":"post","link":"https:\/\/blog.lapecera.ch\/?p=868","title":{"rendered":"[D\u00eda 14] Un libro de mi ni\u00f1ez"},"content":{"rendered":"<p>En mi ni\u00f1ez hubo mucho libro, aunque a m\u00ed no me gustase leer especialmente. No era mi entretenimiento favorito, prefer\u00eda a las Barbies y s\u00f3lo le\u00eda por obligaci\u00f3n lo que me mandaban en el colegio, aunque de vez en cuando le\u00eda otras cosas. Hay que tener en cuenta que ten\u00eda el carn\u00e9 n\u00famero 1 de la biblioteca del colegio La Corredoria, as\u00ed que usuaria era xDD<\/p>\n<p>Un libro que recuerde con especial cari\u00f1o porque a d\u00eda de hoy todav\u00eda lo recuerdo sin haber vuelto a releerlo es \u00e9ste:<\/p>\n<p><strong><span style=\"font-size:120%;\">Historias de Ninguno<\/span><br \/>\nPilar Mateos<\/strong><\/p>\n<p><img loading=\"lazy\" decoding=\"async\" src=\"http:\/\/lapecera.ch\/wp-content\/uploads\/2010\/05\/historias_de_ninguno081-188x300.jpg\" alt=\"\" title=\"historias_de_ninguno081\" width=\"188\" height=\"300\" class=\"alignnone size-medium wp-image-869\" srcset=\"https:\/\/blog.lapecera.ch\/wp-content\/uploads\/2010\/05\/historias_de_ninguno081-188x300.jpg 188w, https:\/\/blog.lapecera.ch\/wp-content\/uploads\/2010\/05\/historias_de_ninguno081.jpg 201w\" sizes=\"auto, (max-width: 188px) 100vw, 188px\" \/><\/p>\n<blockquote><p>Ninguno es un ni\u00f1o del que ya nadie recuerda su verdadero nombre. Es tan peque\u00f1o que tiene que meterse piedras en los bolsillos para que no se lo lleve el viento. En clase, el profesor nunca se da cuenta de si est\u00e1 o no. Un d\u00eda conoce a Camila, una ni\u00f1a un tanto especial. \u00c9sta le regala una caja de pinturas que parec\u00edan bastante malas. Sin embargo, cuando empieza a pintar, Ninguno se da cuenta de que todo lo que pinta se hace realidad. Lo primero que pinta, nada m\u00e1s llegar a casa, es un perro al que llama Amigo. As\u00ed, Ninguno pasa por miles de aventuras. A partir de ese d\u00eda Ninguno ya no se siente solo, puesto que tiene dos buenos amigos: Camila y Amigo. <\/p><\/blockquote>\n<p>Y aparte de este siempre estar\u00e1n presentes mis cuentos infantiles: La gallina Marcelina, El gallo Kiriko, El rat\u00f3n de campo y el rat\u00f3n de ciudad, La cigala y la hormiga&#8230; <\/p>\n<blockquote><p>\u2014\u00a1Gusano, gusanito! \u00bfD\u00f3nde est\u00e1s que hoy no te he visto? \u2014grit\u00f3 el gallo.<br \/>\nY el gusanito contestaba:<br \/>\n\u2014\u00a1En la barriga del gallo Kirico que va a la boda del t\u00edo Perico!<\/p><\/blockquote>\n<p>Hoy es martes, ayer fue fiesta y me pas\u00e9 la mayor parte del d\u00eda leyendo porque es empezar con una novela rom\u00e1ntica de adolescente y puedes empalmar con doscientas del estilo y no parar&#8230; y yo estoy en modo <em>teenager in love on<\/em> de momento. Al menos, el modo Austen ya se ha apagado que me ten\u00eda un poco frita de perseguirme a todas partes \ud83d\ude1b<\/p>\n<p>En el trabajo estoy por tirarme por las paredes, parece que nada funciona como debe, pero sobrevivir\u00e9. <\/p>\n<p>En fin&#8230; Os voy dejando \ud83d\ude42<\/p>\n<p>Con esto y un bizcocho&#8230; Besos<br \/>\nCris<\/p>\n","protected":false},"excerpt":{"rendered":"<p>En mi ni\u00f1ez hubo mucho libro, aunque a m\u00ed no me gustase leer especialmente. No era mi entretenimiento favorito, prefer\u00eda a las Barbies y s\u00f3lo le\u00eda por obligaci\u00f3n lo que me mandaban en el colegio, aunque de vez en cuando le\u00eda otras cosas. Hay que tener en cuenta que ten\u00eda el carn\u00e9 n\u00famero 1 de [&hellip;]<\/p>\n","protected":false},"author":3,"featured_media":0,"comment_status":"open","ping_status":"closed","sticky":false,"template":"","format":"standard","meta":{"footnotes":""},"categories":[],"tags":[],"class_list":["post-868","post","type-post","status-publish","format-standard","hentry"],"_links":{"self":[{"href":"https:\/\/blog.lapecera.ch\/index.php?rest_route=\/wp\/v2\/posts\/868","targetHints":{"allow":["GET"]}}],"collection":[{"href":"https:\/\/blog.lapecera.ch\/index.php?rest_route=\/wp\/v2\/posts"}],"about":[{"href":"https:\/\/blog.lapecera.ch\/index.php?rest_route=\/wp\/v2\/types\/post"}],"author":[{"embeddable":true,"href":"https:\/\/blog.lapecera.ch\/index.php?rest_route=\/wp\/v2\/users\/3"}],"replies":[{"embeddable":true,"href":"https:\/\/blog.lapecera.ch\/index.php?rest_route=%2Fwp%2Fv2%2Fcomments&post=868"}],"version-history":[{"count":0,"href":"https:\/\/blog.lapecera.ch\/index.php?rest_route=\/wp\/v2\/posts\/868\/revisions"}],"wp:attachment":[{"href":"https:\/\/blog.lapecera.ch\/index.php?rest_route=%2Fwp%2Fv2%2Fmedia&parent=868"}],"wp:term":[{"taxonomy":"category","embeddable":true,"href":"https:\/\/blog.lapecera.ch\/index.php?rest_route=%2Fwp%2Fv2%2Fcategories&post=868"},{"taxonomy":"post_tag","embeddable":true,"href":"https:\/\/blog.lapecera.ch\/index.php?rest_route=%2Fwp%2Fv2%2Ftags&post=868"}],"curies":[{"name":"wp","href":"https:\/\/api.w.org\/{rel}","templated":true}]}}