{"id":840,"date":"2010-05-23T10:23:42","date_gmt":"2010-05-23T08:23:42","guid":{"rendered":"http:\/\/lapecera.ch\/?p=840"},"modified":"2010-05-23T10:23:42","modified_gmt":"2010-05-23T08:23:42","slug":"dia-12-un-libro-que-me-hayan-recomendado","status":"publish","type":"post","link":"https:\/\/blog.lapecera.ch\/?p=840","title":{"rendered":"[D\u00eda 12] Un libro que me hayan recomendado"},"content":{"rendered":"<p>Hallo? Soy moderadora en el foro de Laura Gallego Garc\u00eda y visitante habitual de la secci\u00f3n &#8220;La Biblioteca&#8221;, as\u00ed que ser\u00e1 dif\u00edcil encontrar uno solo xDDDD Como la mayor parte de libros que leo los he sacado de ah\u00ed, voy a poner el \u00faltimo que he le\u00eddo, as\u00ed que esto podr\u00eda considerarse casi un d\u00eda 1 \ud83d\ude1b<\/p>\n<p><strong><span style=\"font-size:120%\"><a href=\"http:\/\/www.lauragallego.com\/phpBB3\/viewtopic.php?f=12&#038;t=40681\" target=\"_blank\">As you wish (Tres deseos)<\/a><\/span><br \/>\n<a href=\"http:\/\/www.flickr.com\/photos\/11439721@N00\/sets\/72157622011791219\/show\/\" target=\"_blank\">Jackson Pearce<\/a><\/strong><\/p>\n<p><a href=\"http:\/\/lapecera.ch\/wp-content\/uploads\/2010\/05\/asyouwish-197x300.jpg\" rel=\"example3\" title=\"Portada original\"><img loading=\"lazy\" decoding=\"async\" src=\"http:\/\/lapecera.ch\/wp-content\/uploads\/2010\/05\/tres-deseos_jackson-pearce_libro-MONL008.jpg\" alt=\"\" title=\"tres-deseos_jackson-pearce_libro-MONL008\" width=\"200\" height=\"293\" class=\"alignnone size-full wp-image-843\" \/><\/a><\/p>\n<blockquote><p>Desde que su novio rompi\u00f3 con ella, Viola ha pasado los d\u00edas deseando en silencio volver a tener a alguien que la quiera y, lo que es m\u00e1s importante, volver a ser parte de algo. Hasta que un d\u00eda, sin darse cuenta, llama a un genio de otro mundo, que se quedar\u00e1 en el suyo hasta que la chica pida tres deseos. Genio est\u00e1 ansioso por regresar a su casa, pero a Viola le aterra desear, tiene miedo de no pedir lo correcto. Conforme los dos van pasando tiempo juntos, la l\u00ednea entre amo y criado empieza a desdibujarse y Genio no tardar\u00e1 en reconocer que est\u00e1 enamorado de Viola.<\/p><\/blockquote>\n<p>Lo termin\u00e9 el jueves, y a pesar de que me gust\u00f3, no puedo dejar de ver que la historia es bastante plana como los personajes. No tiene intriga, no hay misterio. Lo \u00fanico interesante es Jinn y su evoluci\u00f3n de ser genio a sentir como un humano. Lawrence merece tambi\u00e9n un aplauso y sobre todo, Viola merece un aplauso por seguir siendo su amiga, despu\u00e9s de lo que pas\u00f3 entre ellos. Divertida la parte en la que Jinn habla sobre uno de sus anteriores <em>masters<\/em> e interesante es la idea de que los deseos s\u00f3lo duran hasta que otro hecho los cambia&#8230; ^___^<\/p>\n<p>Un apunte: en la sinopsis dice que Viola no se atreve a pedir un deseo por temor a no pedir lo correcto, pero en realidad ella no sabe qu\u00e9 pedir. No sabe c\u00f3mo formular el deseo para conseguir lo que realmente desea, que no es lo mismo que temer equivocarse&#8230;<\/p>\n<p>En fin, ah\u00ed queda&#8230; Yo voy a seguir disfrutando de mi fin de semana o tir\u00e1ndome por las paredes, seg\u00fan c\u00f3mo haya ido la instalaci\u00f3n v.v<\/p>\n<p>Con esto y un bizcocho&#8230; Besos<br \/>\nCris<\/p>\n","protected":false},"excerpt":{"rendered":"<p>Hallo? Soy moderadora en el foro de Laura Gallego Garc\u00eda y visitante habitual de la secci\u00f3n &#8220;La Biblioteca&#8221;, as\u00ed que ser\u00e1 dif\u00edcil encontrar uno solo xDDDD Como la mayor parte de libros que leo los he sacado de ah\u00ed, voy a poner el \u00faltimo que he le\u00eddo, as\u00ed que esto podr\u00eda considerarse casi un d\u00eda [&hellip;]<\/p>\n","protected":false},"author":3,"featured_media":0,"comment_status":"open","ping_status":"closed","sticky":false,"template":"","format":"standard","meta":{"footnotes":""},"categories":[],"tags":[],"class_list":["post-840","post","type-post","status-publish","format-standard","hentry"],"_links":{"self":[{"href":"https:\/\/blog.lapecera.ch\/index.php?rest_route=\/wp\/v2\/posts\/840","targetHints":{"allow":["GET"]}}],"collection":[{"href":"https:\/\/blog.lapecera.ch\/index.php?rest_route=\/wp\/v2\/posts"}],"about":[{"href":"https:\/\/blog.lapecera.ch\/index.php?rest_route=\/wp\/v2\/types\/post"}],"author":[{"embeddable":true,"href":"https:\/\/blog.lapecera.ch\/index.php?rest_route=\/wp\/v2\/users\/3"}],"replies":[{"embeddable":true,"href":"https:\/\/blog.lapecera.ch\/index.php?rest_route=%2Fwp%2Fv2%2Fcomments&post=840"}],"version-history":[{"count":0,"href":"https:\/\/blog.lapecera.ch\/index.php?rest_route=\/wp\/v2\/posts\/840\/revisions"}],"wp:attachment":[{"href":"https:\/\/blog.lapecera.ch\/index.php?rest_route=%2Fwp%2Fv2%2Fmedia&parent=840"}],"wp:term":[{"taxonomy":"category","embeddable":true,"href":"https:\/\/blog.lapecera.ch\/index.php?rest_route=%2Fwp%2Fv2%2Fcategories&post=840"},{"taxonomy":"post_tag","embeddable":true,"href":"https:\/\/blog.lapecera.ch\/index.php?rest_route=%2Fwp%2Fv2%2Ftags&post=840"}],"curies":[{"name":"wp","href":"https:\/\/api.w.org\/{rel}","templated":true}]}}