{"id":84,"date":"2007-04-24T14:38:00","date_gmt":"2007-04-24T12:38:00","guid":{"rendered":"http:\/\/lapecera.ch\/?p=84"},"modified":"2007-04-24T14:38:00","modified_gmt":"2007-04-24T12:38:00","slug":"de-vuelta-a-casa","status":"publish","type":"post","link":"https:\/\/blog.lapecera.ch\/?p=84","title":{"rendered":"De vuelta a casa"},"content":{"rendered":"<p>Hola, ni\u00f1os y ni\u00f1as, lectores, comentadores, fantasmas y dem\u00e1s fauna que se pase de vez en cuando por mi blog.<\/p>\n<p>Papalbina ha vuelto, s\u00ed&#8230; Las cosas van mejor en el trabajo, en casa, en general. Ya tengo ordenador nuevo desde hace unas semanas y he aprendido a hacer cosas muy interesantes con \u00e9l xDD Adem\u00e1s, tambi\u00e9n tengo sitio nuevo, donde estar\u00e9 de momento provisionalmente hasta que arreglen todo lo dem\u00e1s. Pero el sitio mola, porque estoy justo en frente de Matthias en una oficina con grandes ventanales desde donde veo todo el patio. Me gusta mi nuevo sitio&#8230;<\/p>\n<p>Adem\u00e1s, como ya sab\u00e9is la familia Koch ha aumentado su n\u00famero con la incorporaci\u00f3n de Raphael. S\u00ed, lo s\u00e9, a m\u00ed tampoco me gusta el nombre. Tampoco me gusta el segundo nombre, Simon >.< Pero en fin... Es su hijo, no el m\u00edo. Lo que m\u00e1s miedo me dan son los diminutivos que est\u00e1n empezando a sacar del nombre en cuesti\u00f3n: Raf, Rafi, Rafu o.O No tengo ninguna foto decente, as\u00ed que tendr\u00e9is que esperar a verlo bien (aunque en la secci\u00f3n de janis encontrar\u00e9is dentro de poco una un poco borrosa).\n\n\u00bfQu\u00e9 m\u00e1s? En Pascua Christoph y yo estuvimos de acampada, perd\u00f3n, de acampada no, que hac\u00eda demasiado fr\u00edo por la noche pa eso, pero nos fuimos a la monta\u00f1a y dormimos en una casita de esas que tiene el Club Suizo de los Alpes (las fotos est\u00e1n en el \u00e1lbum de fotos, junto con las de Saas Grund). A pesar de que el camino no fue especialmente complicado y que la casa era guay, por la noche me dio un ataque de ansiedad y el pobre Christoph tuvo que bajar conmigo a la sala de la chimenea a pasar un rato y calmarme. Al menos, al d\u00eda siguiente en Lugano pudimos disfrutar de un d\u00eda caluroso y maravilloso. Estuvimos haciendo compras: Christoph se compr\u00f3 pantalones y yo, una mochila nueva (la que andaba buscando desde hacia un mont\u00f3n de tiempo xDD). Esa tarde cogimos el tren hacia Olten donde pasar\u00edamos la noche. Al d\u00eda siguiente era domingo de Pascua y ten\u00edamos Brunch familiar con los padres de Christoph y su hermana and co.\n\nLa Pecera y el blog has sufrido remodelaciones o las van a sufrir. He hecho desaparecer la parte alemana, porque me costaba mucho trabajo mantenerla al d\u00eda y a partir de ahora, La Pecera ser\u00e1 mi &#8220;fotoblog&#8221;, ya que reunir\u00e9 el blog y los \u00e1lbumes de fotos bajo un s\u00f3lo link: www.lapecera.ch. A\u00fan no he hecho la mudanza por completo, pero de todas formas, es probable que en los pr\u00f3ximos d\u00edas(semanas) haya links rotos y cosas que no funcionen aqu\u00ed y all\u00e1. Probablemente mi p\u00e1gina sea un l\u00edo macabeo durante el pr\u00f3ximo mes, hasta que consiga actualizar todas las p\u00e1ginas, pero tranquilos, todo se solucionar\u00e1 a su tiempo. \n\nLa secci\u00f3n de janis tambi\u00e9n ha &#8220;desaparecido&#8221; para mudarse a su propio subdominio: <a href=\"http:\/\/janissimo.lapecera.ch\" target=\"_blank\">janissimo<\/a>. Pasaos por ah\u00ed y contadme qu\u00e9 os parece la idea, los colores, etc. De momento es s\u00f3lo un proyecto y es susceptible de cambios (a\u00fan faltan los comentarios en alem\u00e1n, s\u00ed es que al final los pongo, y alguna que otra cosa m\u00e1s).<\/p>\n<p>Por otro lado, en las \u00faltimas dos semanas, aunque no me ha vuelto la inspiraci\u00f3n para continuar con Lilianne o con Lola (que siguen a remojo a ver si crecen y tal), me ha dao un ramalazo de ideas para otras cosas y de mi cabeza han surgido dos relatos cortos: uno de ellos, &#8220;Sakura&#8221; es una especie de escena eliminada de &#8220;En Basel&#8221;. El otro es una simple historia que transcurre en &#8220;Diez Minutos&#8221;. Pronto los ver\u00e9is por aqu\u00ed colgados \ud83d\ude09<\/p>\n<p>Y para acabar ya por hoy, que luego mi novio se queja de que parezco una persiana de lo mucho que me lio, os recomiendo encarecidamente que ve\u00e1is &#8220;An Inconvenient Truth&#8221; de Al Gore. Desde hace a\u00f1os no paran de hablarnos de la capa de ozono, del calentamiento global, de la desertizaci\u00f3n, del derretimiento de los grandes glaciares del polo norte, de la Antartida, de Europa y Am\u00e9rica&#8230; Nos atacan con noticias, estudios ci\u00e9ntificos e informes sobre lo mal que est\u00e1 la atm\u00f3sfera, lo deteriorado que est\u00e1 el aire que respiramos, no hacen m\u00e1s que asustarnos, pero no nos dicen que est\u00e1 en nuestra mano cambiar la situaci\u00f3n, que tenemos el poder de hacer que nuestro planeta (y nosotros, de rebote) perdure y sobreviva&#8230; No hace falta que os compreis el DVD, bajaoslo del emule o alquiladlo en el videoclub, pero vedlo y actuad en consecuencia \ud83d\ude09 Muchas gracias por su atenci\u00f3n, el momento publicitario se ha acabado, ya pueden volver a sus labores xDDD<\/p>\n<p>Y nada, que la comadreja ha vuelto y de momento no tiene pensado volver a marcharse \ud83d\ude09<\/p>\n<p>Con esto y un bizcocho&#8230; Besos<br \/>Cris<\/p>\n<p>PS: Por cierto, en una ocasi\u00f3n hice un dise\u00f1o para mi blog, cuando a\u00fan se llamaba &#8220;I&#8217;m a DINK&#8221;, que nunca llegu\u00e9 a usar y algunos de vosotros sent\u00edais curiosidad por verlo&#8230; Pues bien, lo he encontrado en el ba\u00fal de los recuerdos de mi ordenata (m\u00e1s bien, del servidor de mi p\u00e1gina web xDD) y aqu\u00ed lo ten\u00e9is: <a href=\"http:\/\/www.lapecera.ch\/stuff\/guarida\/guaridapapalbina.htm\" target=\"_blank\">La Guarida de la Comadreja<\/a>.<\/p>\n","protected":false},"excerpt":{"rendered":"<p>Hola, ni\u00f1os y ni\u00f1as, lectores, comentadores, fantasmas y dem\u00e1s fauna que se pase de vez en cuando por mi blog. Papalbina ha vuelto, s\u00ed&#8230; Las cosas van mejor en el trabajo, en casa, en general. Ya tengo ordenador nuevo desde hace unas semanas y he aprendido a hacer cosas muy interesantes con \u00e9l xDD Adem\u00e1s, [&hellip;]<\/p>\n","protected":false},"author":3,"featured_media":0,"comment_status":"open","ping_status":"closed","sticky":false,"template":"","format":"standard","meta":{"footnotes":""},"categories":[],"tags":[],"class_list":["post-84","post","type-post","status-publish","format-standard","hentry"],"_links":{"self":[{"href":"https:\/\/blog.lapecera.ch\/index.php?rest_route=\/wp\/v2\/posts\/84","targetHints":{"allow":["GET"]}}],"collection":[{"href":"https:\/\/blog.lapecera.ch\/index.php?rest_route=\/wp\/v2\/posts"}],"about":[{"href":"https:\/\/blog.lapecera.ch\/index.php?rest_route=\/wp\/v2\/types\/post"}],"author":[{"embeddable":true,"href":"https:\/\/blog.lapecera.ch\/index.php?rest_route=\/wp\/v2\/users\/3"}],"replies":[{"embeddable":true,"href":"https:\/\/blog.lapecera.ch\/index.php?rest_route=%2Fwp%2Fv2%2Fcomments&post=84"}],"version-history":[{"count":0,"href":"https:\/\/blog.lapecera.ch\/index.php?rest_route=\/wp\/v2\/posts\/84\/revisions"}],"wp:attachment":[{"href":"https:\/\/blog.lapecera.ch\/index.php?rest_route=%2Fwp%2Fv2%2Fmedia&parent=84"}],"wp:term":[{"taxonomy":"category","embeddable":true,"href":"https:\/\/blog.lapecera.ch\/index.php?rest_route=%2Fwp%2Fv2%2Fcategories&post=84"},{"taxonomy":"post_tag","embeddable":true,"href":"https:\/\/blog.lapecera.ch\/index.php?rest_route=%2Fwp%2Fv2%2Ftags&post=84"}],"curies":[{"name":"wp","href":"https:\/\/api.w.org\/{rel}","templated":true}]}}