{"id":82,"date":"2007-02-26T18:43:00","date_gmt":"2007-02-26T16:43:00","guid":{"rendered":"http:\/\/lapecera.ch\/?p=82"},"modified":"2007-02-26T18:43:00","modified_gmt":"2007-02-26T16:43:00","slug":"la-sonrisa-de-la-luna","status":"publish","type":"post","link":"https:\/\/blog.lapecera.ch\/?p=82","title":{"rendered":"La Sonrisa de la Luna"},"content":{"rendered":"<p>El lunes, de la que volv\u00eda a casa, me fij\u00e9 que la luna estaba sonriendo. Y eso me hizo sonre\u00edr a m\u00ed despu\u00e9s de unos d\u00edas extra\u00f1os.<\/p>\n<p>Las \u00faltimas dos semanas han sido un tanto tumultuosas. Las vacaciones no me sirvieron para relajarme, y encima cuando llego a la empresa, me encuentro con que la gente hace planes con mi vida sin contar con mi opini\u00f3n y mis compa\u00f1eros son unos hip\u00f3critas \u00ac\u00ac<\/p>\n<p>Las consecuencias de todo esto se hicieron ver la semana pasada, cuando entr\u00f3 en vigor mi cambio de equipo\u2026 La idea es muy b\u00e1sica: no s\u00f3lo he cambiado de equipo, he cambiado hasta de trabajo\u2026 Las tareas diarias, que llevaba haciendo desde hac\u00eda un a\u00f1o, se han acabado, y ahora, tengo hasta responsabilidades (como si antes no las tuviera <img decoding=\"async\" src=\"http:\/\/www.lauragallego.com\/phpBB2\/images\/smiles\/icon_rolleyes.gif\">). El testing sigue siendo una parte importante de mi trabajo, pero ahora el resto es muuuyyy distinto de lo  que hac\u00eda antes <span style=\"font-size:75%\">(y para el que seg\u00fan mi jefe no estaba cualificada, era demasiado desestructurada y comet\u00eda muchos fallos \u00ac\u00ac)<\/span>, m\u00e1s t\u00e9cnico e interesante\u2026 o eso espero. <\/p>\n<p>De mano, no tengo ordenador propio y tengo que andar suplicando pa que dejen el antiguo libre para poder conectarme a trav\u00e9s de la red y disponer de Messenger, Office 2007 y mis archivos, entre otras cosas. Ando a cuestas con mis apuntes, libros, libretas, bolis y todo lo habido y por haber, hasta que mi nuevo jefe y el responsable de infraestructura ideen d\u00f3nde ponerme y con qu\u00e9 maquina (hoy me he enterado de que no volver\u00e9 a tener mi antiguo ordenata T____T). <\/p>\n<p>Pero, bueno\u2026 en fin\u2026<\/p>\n<p>Yo estoy cansada, muy cansada de no tener nunca ganas ni energ\u00eda para hacer las cosas que me gustan y dejarlas siempre a medias\u2026 Quiero pintar, quiero escribir, quiero leer, quiero llevar al d\u00eda mi web, quiero hacer deporte, quiero, quiero, quiero\u2026 Tengo que establecer prioridades y de momento la prioridad n\u00famero 1 la tiene el trabajo y mi casa, as\u00ed que si no me veis por aqu\u00ed (o por el foro) durante una temporada que sep\u00e1is que estoy de retiro obligado y alg\u00fan d\u00eda volver\u00e9 a contaros mi vida y daros la vara\u2026 Mientras tanto os dejo con lo que hay (seguir\u00e9 subiendo las fotos a la web con periodicidad y har\u00e9 una entrada informativa pa que lo sep\u00e1is).<\/p>\n<p>\u00a1\u00a1Volver\u00e9, prometido!! Pero echadme de menos, \u00a1eh!<\/p>\n<p>Con esto y un bizcocho\u2026 Besos<br \/>Cris<\/p>\n<p>PS: Lilianne ha vuelto \ud83d\ude09<\/p>\n","protected":false},"excerpt":{"rendered":"<p>El lunes, de la que volv\u00eda a casa, me fij\u00e9 que la luna estaba sonriendo. Y eso me hizo sonre\u00edr a m\u00ed despu\u00e9s de unos d\u00edas extra\u00f1os. Las \u00faltimas dos semanas han sido un tanto tumultuosas. Las vacaciones no me sirvieron para relajarme, y encima cuando llego a la empresa, me encuentro con que la [&hellip;]<\/p>\n","protected":false},"author":3,"featured_media":0,"comment_status":"open","ping_status":"closed","sticky":false,"template":"","format":"standard","meta":{"footnotes":""},"categories":[],"tags":[],"class_list":["post-82","post","type-post","status-publish","format-standard","hentry"],"_links":{"self":[{"href":"https:\/\/blog.lapecera.ch\/index.php?rest_route=\/wp\/v2\/posts\/82","targetHints":{"allow":["GET"]}}],"collection":[{"href":"https:\/\/blog.lapecera.ch\/index.php?rest_route=\/wp\/v2\/posts"}],"about":[{"href":"https:\/\/blog.lapecera.ch\/index.php?rest_route=\/wp\/v2\/types\/post"}],"author":[{"embeddable":true,"href":"https:\/\/blog.lapecera.ch\/index.php?rest_route=\/wp\/v2\/users\/3"}],"replies":[{"embeddable":true,"href":"https:\/\/blog.lapecera.ch\/index.php?rest_route=%2Fwp%2Fv2%2Fcomments&post=82"}],"version-history":[{"count":0,"href":"https:\/\/blog.lapecera.ch\/index.php?rest_route=\/wp\/v2\/posts\/82\/revisions"}],"wp:attachment":[{"href":"https:\/\/blog.lapecera.ch\/index.php?rest_route=%2Fwp%2Fv2%2Fmedia&parent=82"}],"wp:term":[{"taxonomy":"category","embeddable":true,"href":"https:\/\/blog.lapecera.ch\/index.php?rest_route=%2Fwp%2Fv2%2Fcategories&post=82"},{"taxonomy":"post_tag","embeddable":true,"href":"https:\/\/blog.lapecera.ch\/index.php?rest_route=%2Fwp%2Fv2%2Ftags&post=82"}],"curies":[{"name":"wp","href":"https:\/\/api.w.org\/{rel}","templated":true}]}}