{"id":811,"date":"2010-05-18T08:35:38","date_gmt":"2010-05-18T06:35:38","guid":{"rendered":"http:\/\/lapecera.ch\/?p=811"},"modified":"2010-05-18T08:35:38","modified_gmt":"2010-05-18T06:35:38","slug":"dia-7-un-libro-que-me-recuerda-a-alguien","status":"publish","type":"post","link":"https:\/\/blog.lapecera.ch\/?p=811","title":{"rendered":"[D\u00eda 7] Un libro que me recuerda a alguien"},"content":{"rendered":"<p>En general, siempre hay alguna cosa determinada que me trae a la mente el recuerdo de un\/a amigo\/a, por ejemplo, si escucho una canci\u00f3n de los Beatles, pienso enseguida en Marina; si entro en una tienda donde tienen plumas, tintas y papel de escribir, mi cabeza se va volando a Barcelona y a Rosa le pitar\u00e1n los o\u00eddos con fuerza; si veo una tableta de chocolate negro, siempre intento calcular cu\u00e1nto tiempo le durar\u00eda a Emma; si sopla el viento con fuerza, recuerdo el Cierzo y por ende, a Nerea; y etc&#8230; No soy capaz de dara ahora mismo con ning\u00fan libro que me recuerde a alguien por el contenido del mismo. Si un libro me recuerda a una persona, suele ser porque fue \u00e9sta la que me lo recomend\u00f3, me lo prest\u00f3 o me habl\u00f3 de \u00e9l; por lo tanto, la lista podr\u00eda ser muy, muy larga&#8230; As\u00ed que me limitar\u00e9 a un libro y una persona: Emma, que por algo es mi mejor amiga xDD<\/p>\n<p><strong><span style=\"font-size:120%\">Pupila de \u00c1guila<\/span><br \/>\nAlfredo G\u00f3mez Cerd\u00e1<\/strong><\/p>\n<p><img loading=\"lazy\" decoding=\"async\" src=\"http:\/\/lapecera.ch\/wp-content\/uploads\/2010\/05\/pupila_de_aguila_2-185x300.jpg\" alt=\"\" title=\"pupila_de_aguila_(2)\" width=\"185\" height=\"300\" class=\"alignnone size-medium wp-image-812\" srcset=\"https:\/\/blog.lapecera.ch\/wp-content\/uploads\/2010\/05\/pupila_de_aguila_2-185x300.jpg 185w, https:\/\/blog.lapecera.ch\/wp-content\/uploads\/2010\/05\/pupila_de_aguila_2.jpg 247w\" sizes=\"auto, (max-width: 185px) 100vw, 185px\" \/><\/p>\n<p>[spoiler]<\/p>\n<blockquote><p>Martina es una joven que, nacida en una zona geogr\u00e1fica monta\u00f1osa, vive en Madrid por exigencias de su formaci\u00f3n acad\u00e9mica. Un d\u00eda, la muchacha se ve sometida a una leve intervenci\u00f3n quir\u00fargica. En el hospital en que la intervienen conoce a Igor, un joven de su misma edad, lleno de problemas. El muchacho intenta resolverlos por medio del absurdo: el suicidio. La visi\u00f3n de Igor en un estado aparentemente comatoso produce en Martina una terrible impresi\u00f3n. Y es que, adem\u00e1s del hecho en s\u00ed, esto le recuerda una tragedia sufrida en carne propia: la muerte de su hermano Toni, a quien adoraba, en un misterioso accidente ocurrido en Madrid. Poco a poco va naciendo una profunda amistad entre Martina e Igor que luego se transforma en un amor juvenil, donde la necesidad del otro tiene imperativos de encuentro por encima de todas las dificultades. M\u00e1s tarde, Martina se impone el deber de averiguar que sucedi\u00f3 realmente con su hermano, bajo qu\u00e9 circunstancias muri\u00f3 y en qu\u00e9 ambiente se desenvolv\u00eda. Finalmente descubre la verdad y la joven tiene que enfrentarse ante la cruda realidad de los caminos de la delincuencia que hab\u00eda seguido su hermano Toni y que le costaron la vida. Al terminar el curso escolar regresa, un tanto desencantada, a su pueblito de la monta\u00f1a. Parece ser que sus lazos con Igor se han roto para siempre. El reencuentro es pr\u00e1cticamente imposible. El \u00fanico dato que Igor conoce de la aldea donde Martina est\u00e1 pasando el verano con su familia es que est\u00e1 cerca de un pueblo que huele a galletas. Sin embargo, este hecho no amilana al enamorado, quien comienza una peregrinaci\u00f3n para encontrarla. Con aquella informaci\u00f3n elemental y el fuego que ha puesto en su interior Igor empieza a andar el camino del encuentro consigo mismo y la raz\u00f3n de su regeneraci\u00f3n<\/p><\/blockquote>\n<p>[\/spoiler]<\/p>\n<p>Emma fue la que me prest\u00f3 el libro en su d\u00eda y despu\u00e9s de leerlo al menos dos veces siendo de su propiedad, acab\u00e9 compr\u00e1ndome yo misma una copia \ud83d\ude1b<\/p>\n<p>Tambi\u00e9n podr\u00eda decir que &#8220;Emma&#8221; de Jane Austen me recuerda a ella por motivos obvios, pero dej\u00e9moslo en &#8220;Pupila de Aguila&#8221;, que no s\u00f3lo me descubri\u00f3 a Alfredo G\u00f3mez Cerd\u00e1, sino tambi\u00e9n a Violeta Parra y sus magn\u00edficas canciones.<\/p>\n<p><object width=\"425\" height=\"344\"><param name=\"movie\" value=\"http:\/\/www.youtube.com\/v\/PYEw3e5x5Es&#038;hl=en_US&#038;fs=1&#038;color1=0x5d1719&#038;color2=0xcd311b\"><\/param><param name=\"allowFullScreen\" value=\"true\"><\/param><param name=\"allowscriptaccess\" value=\"always\"><\/param><embed src=\"http:\/\/www.youtube.com\/v\/PYEw3e5x5Es&#038;hl=en_US&#038;fs=1&#038;color1=0x5d1719&#038;color2=0xcd311b\" type=\"application\/x-shockwave-flash\" allowscriptaccess=\"always\" allowfullscreen=\"true\" width=\"425\" height=\"344\"><\/embed><\/object><\/p>\n<p><object width=\"425\" height=\"344\"><param name=\"movie\" value=\"http:\/\/www.youtube.com\/v\/HnhcRNogmkA&#038;hl=en_US&#038;fs=1&#038;color1=0x5d1719&#038;color2=0xcd311b\"><\/param><param name=\"allowFullScreen\" value=\"true\"><\/param><param name=\"allowscriptaccess\" value=\"always\"><\/param><embed src=\"http:\/\/www.youtube.com\/v\/HnhcRNogmkA&#038;hl=en_US&#038;fs=1&#038;color1=0x5d1719&#038;color2=0xcd311b\" type=\"application\/x-shockwave-flash\" allowscriptaccess=\"always\" allowfullscreen=\"true\" width=\"425\" height=\"344\"><\/embed><\/object><\/p>\n<p>Con esto y un bizcocho&#8230; Besos<br \/>\nCris<\/p>\n","protected":false},"excerpt":{"rendered":"<p>En general, siempre hay alguna cosa determinada que me trae a la mente el recuerdo de un\/a amigo\/a, por ejemplo, si escucho una canci\u00f3n de los Beatles, pienso enseguida en Marina; si entro en una tienda donde tienen plumas, tintas y papel de escribir, mi cabeza se va volando a Barcelona y a Rosa le [&hellip;]<\/p>\n","protected":false},"author":3,"featured_media":0,"comment_status":"open","ping_status":"closed","sticky":false,"template":"","format":"standard","meta":{"footnotes":""},"categories":[],"tags":[],"class_list":["post-811","post","type-post","status-publish","format-standard","hentry"],"_links":{"self":[{"href":"https:\/\/blog.lapecera.ch\/index.php?rest_route=\/wp\/v2\/posts\/811","targetHints":{"allow":["GET"]}}],"collection":[{"href":"https:\/\/blog.lapecera.ch\/index.php?rest_route=\/wp\/v2\/posts"}],"about":[{"href":"https:\/\/blog.lapecera.ch\/index.php?rest_route=\/wp\/v2\/types\/post"}],"author":[{"embeddable":true,"href":"https:\/\/blog.lapecera.ch\/index.php?rest_route=\/wp\/v2\/users\/3"}],"replies":[{"embeddable":true,"href":"https:\/\/blog.lapecera.ch\/index.php?rest_route=%2Fwp%2Fv2%2Fcomments&post=811"}],"version-history":[{"count":0,"href":"https:\/\/blog.lapecera.ch\/index.php?rest_route=\/wp\/v2\/posts\/811\/revisions"}],"wp:attachment":[{"href":"https:\/\/blog.lapecera.ch\/index.php?rest_route=%2Fwp%2Fv2%2Fmedia&parent=811"}],"wp:term":[{"taxonomy":"category","embeddable":true,"href":"https:\/\/blog.lapecera.ch\/index.php?rest_route=%2Fwp%2Fv2%2Fcategories&post=811"},{"taxonomy":"post_tag","embeddable":true,"href":"https:\/\/blog.lapecera.ch\/index.php?rest_route=%2Fwp%2Fv2%2Ftags&post=811"}],"curies":[{"name":"wp","href":"https:\/\/api.w.org\/{rel}","templated":true}]}}