{"id":80,"date":"2007-02-18T00:36:00","date_gmt":"2007-02-17T22:36:00","guid":{"rendered":"http:\/\/lapecera.ch\/?p=80"},"modified":"2007-02-18T00:36:00","modified_gmt":"2007-02-17T22:36:00","slug":"de-obras","status":"publish","type":"post","link":"https:\/\/blog.lapecera.ch\/?p=80","title":{"rendered":"De obras"},"content":{"rendered":"<p>No, no estoy de obras en casa, pero he estado remodelando mi espacio online durante las vacaciones xDD<\/p>\n<p>A partir de ya, todas las fotos de mis viajes, incluidas excursiones a la monta\u00f1a y acampadas estar\u00e1n en la secci\u00f3n <a href=\"http:\/\/www.lapecera.ch\/viajes.htm\">Viajes<\/a>, que por cierto ya he actualizado con las fotos de mi viaje a <a href=\"http:\/\/www.lapecera.ch\/fotos\/aurach\">Austria<\/a> en Septiembre (lo s\u00e9, lo s\u00e9, pero m\u00e1s vale tarde que nunca \u00ac\u00ac).<\/p>\n<p>Adem\u00e1s, la secci\u00f3n de Visitas y la de Basel han desaparecido para reaparecer en <a href=\"http:\/\/www.lapecera.ch\/general.htm\">General<\/a>, <s>y las galer\u00edas de fotos de <a href=\"http:\/\/es.lapecera.ch\/janis.htm\">Janis<\/a> han confluido en cuatro archivos anuales: <a href=\"http:\/\/es.lapecera.ch\/janis\/2004\">2004<\/a>, <a href=\"http:\/\/es.lapecera.ch\/janis\/2005\">2005<\/a>, <a href=\"http:\/\/es.lapecera.ch\/janis\/2006\">2006<\/a> y <a href=\"http:\/\/es.lapecera.ch\/janis\/2007\">2007<\/a><\/s>. En esta \u00faltima ya he subido las fotos de las vacaciones en Saas Grund de la semana pasada y en la del 2006 he a\u00f1adido una selecci\u00f3n de las mejores fotos de ese a\u00f1o que me pas\u00f3 Sabine. Me encanta <a href=\"http:\/\/janissimo.lapecera.ch\/janis\/2006\/?pic=45\" target=\"_blank\">esta<\/a>.<\/p>\n<p>\u00bfQu\u00e9 m\u00e1s? Ah, he incluido dentro de mis historias la de Elisa, con nuevo t\u00edtulo: <a href=\"http:\/\/www.lapecera.ch\/elisa.htm\">Que corra el aire<\/a>.<\/p>\n<p>Y ya t\u00e1&#8230; No, no, espera&#8230; xDDD Lo \u00faltimo: ya no hay libro de visitas. Ten\u00eda problemas de spaming y tuve que quitarlo, pero eso no quita pa que sigais comentando en el blog, \u00bfeh?<\/p>\n<p>Ahora s\u00ed que est\u00e1 xDD Volver\u00e9 pronto para contaros las novedades desde la tierra prometida y las aventuras que viv\u00ed en estas \u00faltimas vacaciones en los Alpes \ud83d\ude09<\/p>\n<p>Con esto y un bizcocho&#8230; Besos<br \/>Cris<\/p>\n","protected":false},"excerpt":{"rendered":"<p>No, no estoy de obras en casa, pero he estado remodelando mi espacio online durante las vacaciones xDD A partir de ya, todas las fotos de mis viajes, incluidas excursiones a la monta\u00f1a y acampadas estar\u00e1n en la secci\u00f3n Viajes, que por cierto ya he actualizado con las fotos de mi viaje a Austria en [&hellip;]<\/p>\n","protected":false},"author":3,"featured_media":0,"comment_status":"open","ping_status":"closed","sticky":false,"template":"","format":"standard","meta":{"footnotes":""},"categories":[],"tags":[],"class_list":["post-80","post","type-post","status-publish","format-standard","hentry"],"_links":{"self":[{"href":"https:\/\/blog.lapecera.ch\/index.php?rest_route=\/wp\/v2\/posts\/80","targetHints":{"allow":["GET"]}}],"collection":[{"href":"https:\/\/blog.lapecera.ch\/index.php?rest_route=\/wp\/v2\/posts"}],"about":[{"href":"https:\/\/blog.lapecera.ch\/index.php?rest_route=\/wp\/v2\/types\/post"}],"author":[{"embeddable":true,"href":"https:\/\/blog.lapecera.ch\/index.php?rest_route=\/wp\/v2\/users\/3"}],"replies":[{"embeddable":true,"href":"https:\/\/blog.lapecera.ch\/index.php?rest_route=%2Fwp%2Fv2%2Fcomments&post=80"}],"version-history":[{"count":0,"href":"https:\/\/blog.lapecera.ch\/index.php?rest_route=\/wp\/v2\/posts\/80\/revisions"}],"wp:attachment":[{"href":"https:\/\/blog.lapecera.ch\/index.php?rest_route=%2Fwp%2Fv2%2Fmedia&parent=80"}],"wp:term":[{"taxonomy":"category","embeddable":true,"href":"https:\/\/blog.lapecera.ch\/index.php?rest_route=%2Fwp%2Fv2%2Fcategories&post=80"},{"taxonomy":"post_tag","embeddable":true,"href":"https:\/\/blog.lapecera.ch\/index.php?rest_route=%2Fwp%2Fv2%2Ftags&post=80"}],"curies":[{"name":"wp","href":"https:\/\/api.w.org\/{rel}","templated":true}]}}