{"id":78,"date":"2007-02-02T13:11:00","date_gmt":"2007-02-02T11:11:00","guid":{"rendered":"http:\/\/lapecera.ch\/?p=78"},"modified":"2007-02-02T13:11:00","modified_gmt":"2007-02-02T11:11:00","slug":"sin-razon-aparente","status":"publish","type":"post","link":"https:\/\/blog.lapecera.ch\/?p=78","title":{"rendered":"Sin raz\u00f3n aparente"},"content":{"rendered":"<p>Hoy, de la que iba en el tram a trabajar, me llev\u00e9 una revista llamada \u201cUnterwegs\u201d (De camino) que ayer cog\u00ed en Transa, una tienda de aqu\u00ed de Basel para equipo outdoor. Aparte de ser un cat\u00e1logo con productos especiales para el invierno, tambi\u00e9n hay un par de art\u00edculos sobre expediciones que los trabajadores de la empresa \u2014que son todos muy aventureros\u2014 han hecho. Especial atenci\u00f3n me llam\u00f3, adem\u00e1s del de las dos t\u00edas que se fueron a dar un pase\u00edn por el desierto en bici (:P), el del fot\u00f3grafo Thomas Zwahlen, que con su ahora mujer, se ha recorrido a pata, mula o caballo las regiones de <a href=\"http:\/\/en.wikipedia.org\/wiki\/Ladakh\" target=\"_blank\">Ladakh <\/a>y <a href=\"http:\/\/en.wikipedia.org\/wiki\/Zanskar\" target=\"_blank\">Zanskar <\/a>en el Himalaya.<\/p>\n<p>Leyendo lo que este hombre cuenta y viendo las cachomochilas que llevan a la espalda, una se pregunta: \u00bfVale la pena? \u00bfVale la pena congelarse los pies a 30 grados bajo cero? \u00bfVale la pena pasar d\u00edas y\/o semanas sin ducharse o sin comer decentemente a varias millas a pie del signo de civilizaci\u00f3n m\u00e1s cercano? Para m\u00ed, no; para ellos, seguro. Cierto es que me parece apasionante lo que hacen y me gusta mucho leer sobre estas aventuras, pero yo no ser\u00eda capaz de hacer algo as\u00ed. A Christoph, en cambio, le encantar\u00eda \u00ac\u00ac<\/p>\n<p>En junio del 2005 la hermana de Dominik, cu\u00f1ado de Christoph, se embarc\u00f3 en una aventura similar que la llevar\u00eda junto con otras 37 personas y un grupo de m\u00e9dicos especializados a Muztagh Ata, en China, a estudiar el mal de las alturas \u201cin-situ\u201d. Ella era uno de los conejillos de Indias. El objetivo era alcanzar la cumbre del Muztagh Ata a 7546 metros, al tiempo que el equipo m\u00e9dico les observaba para intentar descifrar qu\u00e9 pasa con el cuerpo humano a esa altitud. \u00a1\u00a1Realmente alucinante!! Lamentablemente ella no consigui\u00f3 llegar a la cima (se qued\u00f3 a 7068 m., \u00a1chapeau!), pero la experiencia no se la quita nadie\u2026 Por si os interesa, pod\u00e9is leer sobre la expedici\u00f3n en <a href=\"http:\/\/www.swiss-exped.ch\/\" target=\"_blank\">http:\/\/www.swiss-exped.ch\/<\/a>, tambi\u00e9n est\u00e1 en ingl\u00e9s.<\/p>\n<p>\u00bfY esto a qu\u00e9 viene? Pues, nada, que hoy me voy de vacaciones y llevo un par de d\u00edas visitando Transa a ver si encuentro ropa adecuada xDDD Ayer me compr\u00e9 una camiseta mon\u00edsima, hoy igual voy y me compro un bolso, si a\u00fan lo tienen xDDDDDDD Como veis, soy una chica de ciudad y lo ser\u00e9 toda mi vida, as\u00ed que dudo mucho que alg\u00fan d\u00eda mi novio consiga llevarme a algo m\u00e1s de dos horas a pata de la civilizaci\u00f3n\u2026 <\/p>\n<p>Os dejo, nenus, ma\u00f1ana estar\u00e9 en Saas Grund en los Alpes a 1559 msnm, ver\u00e9 el Matterhorn de lejos y a lo mejor hasta me da por esquiar y todo\u2026 pero sobre todo, voy a descansar, dormir y leer \ud83d\ude09<\/p>\n<p>\u00a1Nos leemos a la vuelta!<\/p>\n<p>Con esto y un bizcocho\u2026 Besos<br \/>Cris<\/p>\n","protected":false},"excerpt":{"rendered":"<p>Hoy, de la que iba en el tram a trabajar, me llev\u00e9 una revista llamada \u201cUnterwegs\u201d (De camino) que ayer cog\u00ed en Transa, una tienda de aqu\u00ed de Basel para equipo outdoor. Aparte de ser un cat\u00e1logo con productos especiales para el invierno, tambi\u00e9n hay un par de art\u00edculos sobre expediciones que los trabajadores de [&hellip;]<\/p>\n","protected":false},"author":3,"featured_media":0,"comment_status":"open","ping_status":"closed","sticky":false,"template":"","format":"standard","meta":{"footnotes":""},"categories":[],"tags":[],"class_list":["post-78","post","type-post","status-publish","format-standard","hentry"],"_links":{"self":[{"href":"https:\/\/blog.lapecera.ch\/index.php?rest_route=\/wp\/v2\/posts\/78","targetHints":{"allow":["GET"]}}],"collection":[{"href":"https:\/\/blog.lapecera.ch\/index.php?rest_route=\/wp\/v2\/posts"}],"about":[{"href":"https:\/\/blog.lapecera.ch\/index.php?rest_route=\/wp\/v2\/types\/post"}],"author":[{"embeddable":true,"href":"https:\/\/blog.lapecera.ch\/index.php?rest_route=\/wp\/v2\/users\/3"}],"replies":[{"embeddable":true,"href":"https:\/\/blog.lapecera.ch\/index.php?rest_route=%2Fwp%2Fv2%2Fcomments&post=78"}],"version-history":[{"count":0,"href":"https:\/\/blog.lapecera.ch\/index.php?rest_route=\/wp\/v2\/posts\/78\/revisions"}],"wp:attachment":[{"href":"https:\/\/blog.lapecera.ch\/index.php?rest_route=%2Fwp%2Fv2%2Fmedia&parent=78"}],"wp:term":[{"taxonomy":"category","embeddable":true,"href":"https:\/\/blog.lapecera.ch\/index.php?rest_route=%2Fwp%2Fv2%2Fcategories&post=78"},{"taxonomy":"post_tag","embeddable":true,"href":"https:\/\/blog.lapecera.ch\/index.php?rest_route=%2Fwp%2Fv2%2Ftags&post=78"}],"curies":[{"name":"wp","href":"https:\/\/api.w.org\/{rel}","templated":true}]}}