{"id":77,"date":"2007-01-26T19:20:00","date_gmt":"2007-01-26T17:20:00","guid":{"rendered":"http:\/\/lapecera.ch\/?p=77"},"modified":"2007-01-26T19:20:00","modified_gmt":"2007-01-26T17:20:00","slug":"te-cuento-una-historia-mientras-nieva-en-basel","status":"publish","type":"post","link":"https:\/\/blog.lapecera.ch\/?p=77","title":{"rendered":"\u00bfTe cuento una historia mientras nieva en Basel?"},"content":{"rendered":"<p>Ahora que estoy en mi casa, en mi cuart\u00edn, calentita, mientras fuera nieva y hace fr\u00edo, se me apetece contar una historia*<\/p>\n<p>La protagonista de esta historia se llama Lola porque ella as\u00ed lo quiso. A m\u00ed no me gustaba el nombre. Yo quer\u00eda para ella un nombre sencillo, corto y tradicional, pero seguro no Lola, pero a ella le gust\u00f3 y se qued\u00f3 con \u00e9l. Lola tiene 16 a\u00f1os y este a\u00f1o estudia en un instituto de Basilea. Sab\u00e9is de qui\u00e9n estoy hablando, \u00bfverdad? Para aquellos que no lo sepan, Lola es mi ni\u00f1a, la protagonista de la historia que empec\u00e9 en honor a la ciudad en la que vivo y que al paso que voy acabar\u00e1n mis nietos (parafraseando al boss).<\/p>\n<p>\u00bfQu\u00e9 os puedo contar de Lola? Es una chica, por lo general, t\u00edmida, pero una vez que se la conoce bien resulta ser una charlatana y muy abierta. No le tiene miedo a los desaf\u00edos, si bien puede flaquear a veces, como todos lo hacemos. Tiene mucho temperamento que se transforma en muy mala leche en momentos de enfados. En muchos aspectos, Lola se asemeja a m\u00ed, pero en otros es incluso m\u00e1s madura que yo. De hecho, Lola naci\u00f3 de mis experiencias como joven extranjera en una ciudad extra\u00f1a.<\/p>\n<p>El contrapunto de Lola lo pondr\u00e1 en un futuro Marc, aunque pens\u00e1ndolo bien ya lo pone. Si no, no entiendo porque a Miriam le cae tan bien este chico. En realidad, Miriam no anda muy desencaminada porque Marc es un chico muy especial, distinto a los dem\u00e1s. Alg\u00fan d\u00eda lo ver\u00e9is, o mejor dicho, lo leer\u00e9is.<\/p>\n<p>\u201cEn Basel\u201d no sobrevivi\u00f3 a la limpieza de Escritores en el foro de Laura Gallego y por imprudencias m\u00edas no guard\u00e9 los comentarios que ten\u00eda. De todas formas, desde aqu\u00ed quiero dar las gracias a mis lector@s por ser tan fieles y volver a m\u00ed cada vez que hab\u00eda algo nuevo a pesar de mi irregularidad. <\/p>\n<p>Alg\u00fan d\u00eda Lola y Marc volver\u00e1n a m\u00ed tambi\u00e9n, pero de momento se han alejado y no parece que tengan muchas ganas de hacerme una visita en los pr\u00f3ximos meses. Al menos, conozco el final de su historia, que ya es algo.<\/p>\n<p>Como veis no quer\u00eda contaros una historia, quer\u00eda, m\u00e1s bien, despedirme de una. La nieve en Basel me puso nost\u00e1lgica, al pensar qu\u00e9 har\u00eda, dir\u00eda o pensar\u00eda Lola al ver los copos acumularse en la calle y las temperaturas bajar. \u00bfLe gustar\u00eda? \u00bfTendr\u00eda tanto fr\u00edo como yo? \u00bfPirar\u00eda clases para irse con Marc, Lorelai, Raphael y los dem\u00e1s a jugar con la nieve?<\/p>\n<p>En Basel ha dejado de nevar ya hace un par de d\u00edas, pero la nieve se ha congelado y sigue decorando la ciudad de blanco. Es hora de que me ponga mi abrigo y mi gorro y me vaya, \u00a1que ya es tarde!<\/p>\n<p>Con esto y un bizcocho\u2026 Besos<br \/>Cris<\/p>\n<p>*cuando empec\u00e9 a escribir esto estaba en mi casa bajo las circunstancias expuestas. Ahora estoy en el trabajo haciendo tiempo hasta que llegue la hora de ir al cine xDDD<\/p>\n","protected":false},"excerpt":{"rendered":"<p>Ahora que estoy en mi casa, en mi cuart\u00edn, calentita, mientras fuera nieva y hace fr\u00edo, se me apetece contar una historia* La protagonista de esta historia se llama Lola porque ella as\u00ed lo quiso. A m\u00ed no me gustaba el nombre. Yo quer\u00eda para ella un nombre sencillo, corto y tradicional, pero seguro no [&hellip;]<\/p>\n","protected":false},"author":3,"featured_media":0,"comment_status":"open","ping_status":"closed","sticky":false,"template":"","format":"standard","meta":{"footnotes":""},"categories":[],"tags":[],"class_list":["post-77","post","type-post","status-publish","format-standard","hentry"],"_links":{"self":[{"href":"https:\/\/blog.lapecera.ch\/index.php?rest_route=\/wp\/v2\/posts\/77","targetHints":{"allow":["GET"]}}],"collection":[{"href":"https:\/\/blog.lapecera.ch\/index.php?rest_route=\/wp\/v2\/posts"}],"about":[{"href":"https:\/\/blog.lapecera.ch\/index.php?rest_route=\/wp\/v2\/types\/post"}],"author":[{"embeddable":true,"href":"https:\/\/blog.lapecera.ch\/index.php?rest_route=\/wp\/v2\/users\/3"}],"replies":[{"embeddable":true,"href":"https:\/\/blog.lapecera.ch\/index.php?rest_route=%2Fwp%2Fv2%2Fcomments&post=77"}],"version-history":[{"count":0,"href":"https:\/\/blog.lapecera.ch\/index.php?rest_route=\/wp\/v2\/posts\/77\/revisions"}],"wp:attachment":[{"href":"https:\/\/blog.lapecera.ch\/index.php?rest_route=%2Fwp%2Fv2%2Fmedia&parent=77"}],"wp:term":[{"taxonomy":"category","embeddable":true,"href":"https:\/\/blog.lapecera.ch\/index.php?rest_route=%2Fwp%2Fv2%2Fcategories&post=77"},{"taxonomy":"post_tag","embeddable":true,"href":"https:\/\/blog.lapecera.ch\/index.php?rest_route=%2Fwp%2Fv2%2Ftags&post=77"}],"curies":[{"name":"wp","href":"https:\/\/api.w.org\/{rel}","templated":true}]}}