{"id":763,"date":"2010-05-14T09:59:45","date_gmt":"2010-05-14T07:59:45","guid":{"rendered":"http:\/\/lapecera.ch\/?p=763"},"modified":"2010-05-14T09:59:45","modified_gmt":"2010-05-14T07:59:45","slug":"dia-3-tu-libro-favorito","status":"publish","type":"post","link":"https:\/\/blog.lapecera.ch\/?p=763","title":{"rendered":"[D\u00eda 3] Mi libro favorito"},"content":{"rendered":"<p>Hay muchos libros que me gustan, libros que me encantan y me leer\u00eda varias veces, si el tiempo me diera pa ello (pero con lo lenta que soy tengo que tirar p&#8217;alante y no ir marcha atr\u00e1s). Favoritos podr\u00eda nombrar unos cuantos, pero me voy a quedar con dos (que en realidad son seis, pero se me entiende xD) que guardo con especial cari\u00f1o.<\/p>\n<p><strong><span style=\"font-size:120%;\">La se\u00f1orita Smila y su especial percepci\u00f3n de la nieve<\/span><br \/>\nPeter H\u00f8eg<\/strong><\/p>\n<p><img loading=\"lazy\" decoding=\"async\" src=\"http:\/\/lapecera.ch\/wp-content\/uploads\/2010\/05\/senoritasmila-202x300.jpg\" alt=\"\" title=\"senoritasmila\" width=\"202\" height=\"300\" class=\"alignnone size-medium wp-image-764\" \/><\/p>\n<blockquote><p>La se\u00f1orita Smila, una mujer experta en hielo, se encuentra un d\u00eda con el cad\u00e1ver de su amigo, el ni\u00f1o Isa\u00edas, perteneciente como ella a la comunidad de groenlandeses de Copenhague. Todo parece indicar que se trata de un accidente, que el ni\u00f1o cay\u00f3 del aler\u00f3n del tejado de la casa, pero la observadora Smila encuentra ciertas anomal\u00edas en la nieve que le hacen pensar que fue asesinado. A partir de ese momento, ante la inhibici\u00f3n de la polic\u00eda, inicia una investigaci\u00f3n ayudada por un mec\u00e1nico tartamudo. Sus aventuras la llevar\u00e1n al coraz\u00f3n de Groenlandia, donde se esconde un secreto incre\u00edble\u2026 <\/p><\/blockquote>\n<p>Me llev\u00f3 meses terminarlo, pero es uno de los pocos libros de literatura &#8220;adulta&#8221; &#8220;seria&#8221; que he terminado y que, en cuanto tenga tiempo, releer\u00e9. El resto de libros de este tipo no corrieron tan buena suerte xDD<\/p>\n<p><strong><span style=\"font-size:120%;\">Cr\u00f3nicas de Belgarath<\/span><br \/>\ncompuestas por: La Senda de la Profec\u00eda, La Reina de la Hechicer\u00eda, La Luz del Orbe, El Castillo de la Magia y La Ciudad de las Tinieblas<br \/>\nDavid Eddings<\/strong><\/p>\n<p><img loading=\"lazy\" decoding=\"async\" src=\"http:\/\/lapecera.ch\/wp-content\/uploads\/2010\/05\/belgarath-300x100.png\" alt=\"\" title=\"belgarath\" width=\"300\" height=\"100\" class=\"alignnone size-medium wp-image-765\" srcset=\"https:\/\/blog.lapecera.ch\/wp-content\/uploads\/2010\/05\/belgarath-300x100.png 300w, https:\/\/blog.lapecera.ch\/wp-content\/uploads\/2010\/05\/belgarath.png 722w\" sizes=\"auto, (max-width: 300px) 100vw, 300px\" \/><\/p>\n<blockquote><p>Garion es un ni\u00f1o normal que crece en una granja de Sendaria donde su t\u00eda Pol se encarga de la cocina. Su vida transcurre sin sobresaltos hasta que de repente su t\u00eda Pol y el viejo cuentacuentos, que les visita de vez en cuando, se revelan como personas m\u00e1s importantes de lo que parece y escapan de aquel lugar arrancandole a \u00e9l de las comodidades y la tranquilidad de la granja. En el camino se les unir\u00e1 un guerrero Cherek, un esp\u00eda drasniano y el herrero de la granja. M\u00e1s personajes se unir\u00e1n al grupo en busca de algo de vital importancia para el mundo.<\/p><\/blockquote>\n<p>Fue la primera serie de libros de literatura fant\u00e1stica que le\u00ed y es a d\u00eda de hoy todav\u00eda mi favorita, por encima de Tolkien, Martin y toda esta gente. Eddings era un genio creando situaciones c\u00f3micas, que es lo que en mi opini\u00f3n le falta a casi todos los libros de este g\u00e9nero. Tambi\u00e9n le\u00ed la continuaci\u00f3n, &#8220;Las Cr\u00f3nicas de Mallorea&#8221;. No me gustaron tanto, pero bien recuerdo que cuando llegu\u00e9 al \u00faltimo cap\u00edtulo de &#8220;La Vidente de Kell&#8221;, casi me da por llorar, qu\u00e9 penita saber que todos esos personajes a los que tanto cari\u00f1o les hab\u00eda cogido durante 10 libros no volver\u00edan m\u00e1s T_______T<\/p>\n<p>En fin&#8230; Eso es todo en el d\u00eda 3 de <a href=\"http:\/\/lapecera.ch\/2010\/05\/31-dias-31-libros\/\" target=\"_blank\">31 d\u00edas \u2013 31 libros<\/a> \ud83d\ude42 Ma\u00f1ana m\u00e1s \ud83d\ude42<\/p>\n<p>Con esto y un bizcocho&#8230; Besos<br \/>\nCris<\/p>\n","protected":false},"excerpt":{"rendered":"<p>Hay muchos libros que me gustan, libros que me encantan y me leer\u00eda varias veces, si el tiempo me diera pa ello (pero con lo lenta que soy tengo que tirar p&#8217;alante y no ir marcha atr\u00e1s). Favoritos podr\u00eda nombrar unos cuantos, pero me voy a quedar con dos (que en realidad son seis, pero [&hellip;]<\/p>\n","protected":false},"author":3,"featured_media":0,"comment_status":"open","ping_status":"closed","sticky":false,"template":"","format":"standard","meta":{"footnotes":""},"categories":[],"tags":[],"class_list":["post-763","post","type-post","status-publish","format-standard","hentry"],"_links":{"self":[{"href":"https:\/\/blog.lapecera.ch\/index.php?rest_route=\/wp\/v2\/posts\/763","targetHints":{"allow":["GET"]}}],"collection":[{"href":"https:\/\/blog.lapecera.ch\/index.php?rest_route=\/wp\/v2\/posts"}],"about":[{"href":"https:\/\/blog.lapecera.ch\/index.php?rest_route=\/wp\/v2\/types\/post"}],"author":[{"embeddable":true,"href":"https:\/\/blog.lapecera.ch\/index.php?rest_route=\/wp\/v2\/users\/3"}],"replies":[{"embeddable":true,"href":"https:\/\/blog.lapecera.ch\/index.php?rest_route=%2Fwp%2Fv2%2Fcomments&post=763"}],"version-history":[{"count":0,"href":"https:\/\/blog.lapecera.ch\/index.php?rest_route=\/wp\/v2\/posts\/763\/revisions"}],"wp:attachment":[{"href":"https:\/\/blog.lapecera.ch\/index.php?rest_route=%2Fwp%2Fv2%2Fmedia&parent=763"}],"wp:term":[{"taxonomy":"category","embeddable":true,"href":"https:\/\/blog.lapecera.ch\/index.php?rest_route=%2Fwp%2Fv2%2Fcategories&post=763"},{"taxonomy":"post_tag","embeddable":true,"href":"https:\/\/blog.lapecera.ch\/index.php?rest_route=%2Fwp%2Fv2%2Ftags&post=763"}],"curies":[{"name":"wp","href":"https:\/\/api.w.org\/{rel}","templated":true}]}}