{"id":76,"date":"2007-01-12T15:17:00","date_gmt":"2007-01-12T13:17:00","guid":{"rendered":"http:\/\/lapecera.ch\/?p=76"},"modified":"2007-01-12T15:17:00","modified_gmt":"2007-01-12T13:17:00","slug":"ano-nuevo-entrada-nueva-ii","status":"publish","type":"post","link":"https:\/\/blog.lapecera.ch\/?p=76","title":{"rendered":"A\u00f1o Nuevo, Entrada Nueva II"},"content":{"rendered":"<p>Feliz A\u00f1o Nuevo a todos y todas. Siento haber tardado tanto en volver por estos lares cibern\u00e9ticos pero no puedo subdividirme, as\u00ed que aprovechando un lapso de trabajo, os cuento qu\u00e9 tal me han ido las vacaciones y las no-vacaciones xDD<\/p>\n<p><strong>1. Navidad<\/strong><br \/>Este  a\u00f1o la celebramos en nuestra casa porque tenemos piso nuevo y entonces hab\u00eda que aprovechar xDD La Nochebuena la pasamos con los padres de Chris en Lostorf otra vez donde me hicieron cantar otra vez villancicos en alem\u00e1n\u2026 El a\u00f1o que viene se me habr\u00e1n vuelto a olvidar\u2026 \u00a1je, je, je!<br \/>La Navidad fue genial. Decoramos nuestra mesa, que qued\u00f3 muy mona, pero nunca a la altura de las que monta Sabine y despu\u00e9s de cenar fondue chinoise nos intercambiamos los regalos. A m\u00ed me regalaron el \u00faltimo libro de Jamie Oliver (*\u00ac*) en ingl\u00e9s, un bol\u00edgrafo superchachiguay (Waterman Audace Indian Vibes) y pinturas acr\u00edlicas de buena calidad para hacer mis pinitos en la pintura \u2013abstracta, evidentemente. A Christoph el servicio para que el a\u00f1o que viene Sabine no tenga que traer su propia Fondue xDD La nota de la noche la puso Janis, al que regalaron una bater\u00eda de juguete, intentando sentarse en el taburete de pl\u00e1stico que ven\u00eda con ella. Estaba tan concentrao y le cost\u00f3 tanto trabajo conseguir que el asiento no se moviera que me hizo llorar de la risa\u2026 xDDD<\/p>\n<p><strong>2. Nochevieja<\/strong><br \/>Para Nochevieja estuvimos en Oviedo, mejor dicho, llegamos a Oviedo el mismo d\u00eda de Nochevieja. Chris y yo nos hab\u00edamos levantado a las 4 de la ma\u00f1ana para coger el taxi para ir al aeropuerto y acabamos acost\u00e1ndonos al d\u00eda siguiente a eso de las 6. No es de extra\u00f1ar que no levant\u00e1semos cabeza durante toda la semana y anduvi\u00e9ramos como muertos vivientes xDD Me hubiera gustado quedarme un ratito m\u00e1s para ir a tomar el chocolate con churros, pero al final no pudo ser\u2026 El a\u00f1o que viene como los churros en el Nuevo A\u00f1o como que me llamo Cristina (o papalbina, como prefir\u00e1is).<\/p>\n<p><strong>3. Reyes<\/strong><br \/>Mis Reyes quieren que pinten y por eso me trajeron un malet\u00edn de pintura con un caballete de mesa incorporado, pinturas, pinceles y toda la pesca. Tambi\u00e9n me trajeron un monederito de Audrey Hepburn en \u201cBreakfast at Tiffany\u2019s\u201d mon\u00edsimo de la muerte. Lo mejor del d\u00eda fue la cara que se le qued\u00f3 a mi hermana al encontrar \u201cun iPod en el culo de una ardilla\u201d xDDD Ya lo explicar\u00e9 en otro momento =D<\/p>\n<p><strong>4. La famosa cena internacional<\/strong><br \/>Por cuarto a\u00f1o consecutivo celebramos la \u201ccena internacional\u201d. Este a\u00f1o fuimos 13, puesto que Ra\u00fal estaba en Oviedo, Cristina vino con su novio y hasta mi hermana se apunt\u00f3 a la cena (que yo pens\u00e9 que se iba a aburrir como una ostra y al final lo pas\u00f3 mejor que todos nosotros).<br \/>Este a\u00f1o por falta de tiempo para preparar las cosas con calma cenamos mejicano de Old El Paso, o sea, burritos. La ensalada, que de mejicana no ten\u00eda nada (bueno, igual los pimientos eran mejicanos, pero no les pregunt\u00e9 la nacionalidad, la verdad), fue lo \u00fanico que, digamos, cocin\u00e9\u2026 El resto en plan casi precocinado. El postre fue un desastre tal, que no tuvimos postre\u2026 \u00ac\u00ac <br \/>Como la cena la celebr\u00e1bamos el d\u00eda de Reyes, decidimos organizar un juego de \u201cEl amigo invisible\u201d que sali\u00f3 muy bien: aunque hab\u00eda quien no quer\u00eda saber qui\u00e9n hab\u00eda regalado a qui\u00e9n, acabamos enter\u00e1ndonos. A destacar el regalo de un historiador a otro. Carlos le regal\u00f3 a Ra\u00fal una excavaci\u00f3n arqueol\u00f3gica en miniatura (ver fotos, cuando las cuelgue =D). Y no s\u00e9 porqu\u00e9 a Javi tambi\u00e9n le hizo mucha gracia su regalo (una taza en la que se pod\u00eda escribir con tiza en la que ven\u00eda escrito: \u201cLo siento en el alma, pero no se me ocurri\u00f3 una idea mejor\u201d). <br \/>Despu\u00e9s del intercambio de regalos, jugamos al hombre-lobo (v\u00e9ase <a href=\"http:\/\/www.lapecera.ch\/2005\/08\/noche-de-luna-llena\" target=\"_blank\">Noche de luna llena<\/a> para conocer, m\u00e1s o menos, las reglas). Los momentos cumbres de la noches fueron, sobre todo, el pasotismo de mi hermana, cuando dej\u00f3 de defenderse de las acusaciones, despu\u00e9s de media hora se\u00f1alando a los hombres-lobo, como vidente que era, y que nadie le hiciera caso xDD El alegato de mi prima, cuando intentaron lincharla una de las veces, que muy seria nos dijo: \u201cNo pod\u00e9is matarme porque soy vuestra panadera de toda la vida, la que os hace los Roscones de Reyes sin faba para que no teng\u00e1is mala suerte\u201d. Creo que al final la matamos, jaja. O la potra que tuvo cuando en una de las rondas acus\u00f3 a la primera a Christoph insinuando que era la vidente. En realidad no lo era y acert\u00f3 de pura chorra, pero gracias a eso, los \u201caldeanos\u201d ganamos. O la ronda en la que Ra\u00fal y Carlos estuvieron a punto de ganar, pero por desavenencias de \u00faltima hora, les dejaron el triunfo a Maria (lobo) y Susana (aliada de los lobos).<br \/>Nos dieron la 1 de la ma\u00f1ana y con la ayuda de un ordenador jugamos al juego de los ICOS \u201cD\u00edas de Tele\u201d en el que descubrimos que Fran y Emma, o bien de peque\u00f1os se pasaban las tardes delante de la tele o bien tienen una memoria prodigiosa. Llegamos a completar el 91% con momentos estelares para Javi como cuando son\u00f3 la canci\u00f3n de los Power Rangers y fue \u00e9l el primero en decir el t\u00edtulo pa luego todo serio \u201creconocer\u201d que s\u00f3lo los ve\u00eda de vez en cuando; o sus explicaciones sobre la serie de los Aurones de la que no recordaba el t\u00edtulo; o la cara de Ra\u00fal en plan \u201cPero, \u00bfd\u00f3nde me he metido?\u201d xDDDDDDD<\/p>\n<p>En definitiva, en la cena lo pasamos pipa, incluida mi hermana (que ya dijo que repet\u00eda el a\u00f1o que viene), Los Reyes este a\u00f1o no se pasaron y tanto Nochebuena y Navidad como Nochevieja y A\u00f1o Nuevo estuvieron muy bien.<\/p>\n<p>Espero no haberos aburrido demasiado. Las fotos de la cena las colgar\u00e9 en breve.<\/p>\n<p>Con esto y un bizcocho\u2026 Besos<br \/>Cris<\/p>\n","protected":false},"excerpt":{"rendered":"<p>Feliz A\u00f1o Nuevo a todos y todas. Siento haber tardado tanto en volver por estos lares cibern\u00e9ticos pero no puedo subdividirme, as\u00ed que aprovechando un lapso de trabajo, os cuento qu\u00e9 tal me han ido las vacaciones y las no-vacaciones xDD 1. NavidadEste a\u00f1o la celebramos en nuestra casa porque tenemos piso nuevo y entonces [&hellip;]<\/p>\n","protected":false},"author":3,"featured_media":0,"comment_status":"open","ping_status":"closed","sticky":false,"template":"","format":"standard","meta":{"footnotes":""},"categories":[],"tags":[],"class_list":["post-76","post","type-post","status-publish","format-standard","hentry"],"_links":{"self":[{"href":"https:\/\/blog.lapecera.ch\/index.php?rest_route=\/wp\/v2\/posts\/76","targetHints":{"allow":["GET"]}}],"collection":[{"href":"https:\/\/blog.lapecera.ch\/index.php?rest_route=\/wp\/v2\/posts"}],"about":[{"href":"https:\/\/blog.lapecera.ch\/index.php?rest_route=\/wp\/v2\/types\/post"}],"author":[{"embeddable":true,"href":"https:\/\/blog.lapecera.ch\/index.php?rest_route=\/wp\/v2\/users\/3"}],"replies":[{"embeddable":true,"href":"https:\/\/blog.lapecera.ch\/index.php?rest_route=%2Fwp%2Fv2%2Fcomments&post=76"}],"version-history":[{"count":0,"href":"https:\/\/blog.lapecera.ch\/index.php?rest_route=\/wp\/v2\/posts\/76\/revisions"}],"wp:attachment":[{"href":"https:\/\/blog.lapecera.ch\/index.php?rest_route=%2Fwp%2Fv2%2Fmedia&parent=76"}],"wp:term":[{"taxonomy":"category","embeddable":true,"href":"https:\/\/blog.lapecera.ch\/index.php?rest_route=%2Fwp%2Fv2%2Fcategories&post=76"},{"taxonomy":"post_tag","embeddable":true,"href":"https:\/\/blog.lapecera.ch\/index.php?rest_route=%2Fwp%2Fv2%2Ftags&post=76"}],"curies":[{"name":"wp","href":"https:\/\/api.w.org\/{rel}","templated":true}]}}