{"id":744,"date":"2010-05-13T11:10:53","date_gmt":"2010-05-13T09:10:53","guid":{"rendered":"http:\/\/lapecera.ch\/?p=744"},"modified":"2010-05-13T11:10:53","modified_gmt":"2010-05-13T09:10:53","slug":"dia-2-el-siguiente-libro-que-leere-o-que-quiero-leer","status":"publish","type":"post","link":"https:\/\/blog.lapecera.ch\/?p=744","title":{"rendered":"[D\u00eda 2] El pr\u00f3ximo libro que leer\u00e9 o que quiero leer"},"content":{"rendered":"<p>Normalmente no s\u00e9 qu\u00e9 ser\u00e1 lo pr\u00f3ximo. Cuando acabo un libro, me planto delante de mis estanter\u00eda de libros y miro a ver qu\u00e9 encuentro y qu\u00e9 se me apetece leer&#8230; As\u00ed que no lo s\u00e9 muy bien y probablemente cambie de aqu\u00ed a que termine el libro de ayer, pero planeado tengo:<\/p>\n<p><strong><span style=\"font-size:120%;\">Winnetou I<\/span><br \/>\nKarl May<\/strong><\/p>\n<p><img loading=\"lazy\" decoding=\"async\" src=\"http:\/\/lapecera.ch\/wp-content\/uploads\/2010\/05\/winnetou-179x300.jpg\" alt=\"\" title=\"winnetou\" width=\"179\" height=\"300\" class=\"alignnone size-medium wp-image-745\" srcset=\"https:\/\/blog.lapecera.ch\/wp-content\/uploads\/2010\/05\/winnetou-179x300.jpg 179w, https:\/\/blog.lapecera.ch\/wp-content\/uploads\/2010\/05\/winnetou.jpg 284w\" sizes=\"auto, (max-width: 179px) 100vw, 179px\" \/><\/p>\n<blockquote><p>Libro de viajes que cuenta las aventuras de Old Shatterhand y su amigo y hermano de sangre, el indio apache Winnetou. Uno de los cl\u00e1sicos de la literatura de aventuras en lengua alemana.<\/p><\/blockquote>\n<p>Tengo pensado leerlo para escribir un art\u00edculo para <a href=\"http:\/\/www.eltemplodelasmilpuertas.com\" target=\"_blank\">El Templo de las Mil Puertas<\/a> para la secci\u00f3n de Libros olvidados, pero creo que llover\u00e1n peras antes de que consiga hacerlo. El ejemplar que he cogido prestado en la biblioteca es del 51, se cae a cachos y le faltan p\u00e1ginas&#8230; as\u00ed que tendr\u00e9 que buscarme otra copia en breve que \u00e9sta me da miedo sacarla de casa \ud83d\ude1b<\/p>\n<p>De todas formas, a\u00fan me faltan sus buenas 300 p\u00e1ginas del libro del <a href=\"http:\/\/lapecera.ch\/2010\/05\/dia-1-el-libro-que-estoy-leyendo\/\">D\u00eda 1<\/a> y teniendo en cuenta lo que tard\u00e9 en leer el primer libro, o bien me canso y lo abandono o bien acabo el libro despu\u00e9s de terminar este desafio lo que ser\u00eda especialmente <em>peinlich <\/em>. De todas formas mis planes y deseos con respecto a los libros var\u00edan mucho dependiendo del humor o el modo que tenga puesto. Ahora tengo el modo Austen <em>on<\/em> desde hace unas semanas, pero se me puede apagar de repente&#8230; As\u00ed que \u00a1vete t\u00fa a saber! xDD<\/p>\n<p>Hala, ya est\u00e1, ah\u00ed lo dejo \ud83d\ude09<\/p>\n<p>Con esto y un bizcocho&#8230; Besos<br \/>\nCris<\/p>\n","protected":false},"excerpt":{"rendered":"<p>Normalmente no s\u00e9 qu\u00e9 ser\u00e1 lo pr\u00f3ximo. Cuando acabo un libro, me planto delante de mis estanter\u00eda de libros y miro a ver qu\u00e9 encuentro y qu\u00e9 se me apetece leer&#8230; As\u00ed que no lo s\u00e9 muy bien y probablemente cambie de aqu\u00ed a que termine el libro de ayer, pero planeado tengo: Winnetou I [&hellip;]<\/p>\n","protected":false},"author":3,"featured_media":0,"comment_status":"open","ping_status":"closed","sticky":false,"template":"","format":"standard","meta":{"footnotes":""},"categories":[],"tags":[],"class_list":["post-744","post","type-post","status-publish","format-standard","hentry"],"_links":{"self":[{"href":"https:\/\/blog.lapecera.ch\/index.php?rest_route=\/wp\/v2\/posts\/744","targetHints":{"allow":["GET"]}}],"collection":[{"href":"https:\/\/blog.lapecera.ch\/index.php?rest_route=\/wp\/v2\/posts"}],"about":[{"href":"https:\/\/blog.lapecera.ch\/index.php?rest_route=\/wp\/v2\/types\/post"}],"author":[{"embeddable":true,"href":"https:\/\/blog.lapecera.ch\/index.php?rest_route=\/wp\/v2\/users\/3"}],"replies":[{"embeddable":true,"href":"https:\/\/blog.lapecera.ch\/index.php?rest_route=%2Fwp%2Fv2%2Fcomments&post=744"}],"version-history":[{"count":0,"href":"https:\/\/blog.lapecera.ch\/index.php?rest_route=\/wp\/v2\/posts\/744\/revisions"}],"wp:attachment":[{"href":"https:\/\/blog.lapecera.ch\/index.php?rest_route=%2Fwp%2Fv2%2Fmedia&parent=744"}],"wp:term":[{"taxonomy":"category","embeddable":true,"href":"https:\/\/blog.lapecera.ch\/index.php?rest_route=%2Fwp%2Fv2%2Fcategories&post=744"},{"taxonomy":"post_tag","embeddable":true,"href":"https:\/\/blog.lapecera.ch\/index.php?rest_route=%2Fwp%2Fv2%2Ftags&post=744"}],"curies":[{"name":"wp","href":"https:\/\/api.w.org\/{rel}","templated":true}]}}