{"id":72,"date":"2006-11-22T14:05:00","date_gmt":"2006-11-22T12:05:00","guid":{"rendered":"http:\/\/lapecera.ch\/?p=72"},"modified":"2006-11-22T14:05:00","modified_gmt":"2006-11-22T12:05:00","slug":"vacaciones-de-cris-y-chris-i-de-amelie-poulain-a-jamal-othman","status":"publish","type":"post","link":"https:\/\/blog.lapecera.ch\/?p=72","title":{"rendered":"Vacaciones de Cris y Chris I: De Am\u00e9lie a Jamal Othman"},"content":{"rendered":"<p>S\u00ed, ya he vuelto de Par\u00eds con un par de historias bajo el brazo&#8230; Bueno, s\u00f3lo tengo una digna de contar, pero da igual, yo os las contar\u00e9 todas, que pa eso tengo un blog :\u00de<\/p>\n<p>Las fotos las encontrar\u00e9is en la secci\u00f3n &#8220;Viajes&#8221; en cuanto actualice la p\u00e1gina \ud83d\ude1b mientras tanto aqu\u00ed os dejo el <a href=\"http:\/\/picasaweb.google.com\/papalbina\" target=\"_blank\">link<\/a>.<\/p>\n<p>Lo mejor que recuerdo de Par\u00eds es el gran cansancio que arrastro desde el viernes \u00ac\u00ac<\/p>\n<p>El viernes fue un d\u00eda algo ca\u00f3tico. Mi idea inicial hab\u00eda sido ir por la ma\u00f1ana a pasear por Montmatre tranquilamente, pero como quedamos con Cristina y Emma para al final no hacer nada (adem\u00e1s de que a Cristina le surgi\u00f3 un impreviso y de camino al hotel se perdi\u00f3 y blablabla, as\u00ed que acab\u00f3 llegando tarde xDDD), s\u00f3lo pase\u00e9 por las Tuileries. Luego nos fuimos con Christoph al Th\u00e9\u00e2tre des Champs-\u00c9lys\u00e9es, donde no pudo recoger su entrada xDDD Cristina nos llam\u00f3 en ese momento pa decirnos que estaba en otro sitio diferente a donde le hab\u00edamos dicho xDD as\u00ed que acabamos todos junto al Arco del Triunfo del que se me pas\u00f3 hacerle una foto \u00ac\u00ac<\/p>\n<p>Por la tarde-noche, mientras Cristina y Emma iban al patinaje, Christoph y yo fuimos a Montmatre. Pens\u00e9 que ser\u00eda genial, pero ya se sabe que &#8220;de noche todos los gatos son pardos&#8221; y Montmatre no es la excepci\u00f3n. De noche parece un barrio m\u00e1s, con calles estrechas y tiendas de todo tipo (por cierto, hab\u00eda una con un mont\u00f3n de cosas de miles de colorines, era genial *\u00ac* pero no pude comprarme nada, era todo car\u00edsimo). Subimos al Sacr\u00e9 C\u0153ur en el funicular, y desde all\u00ed pudimos ver Par\u00eds de noche *\u00ac* y la torre Eiffel (bueno, algo m\u00e1s a la derecha) con sus juegos de luces \u00ac\u00ac Cenamos en un restaurante hipermegacaro (aunque mi pizza estaba buen\u00edsima) tur\u00edstico y luego nos fuimos a la Torre Eiffel. \u00cdbamos a subir, pero el dolor de pies, la cola y el viento me quitaron la idea de la cabeza&#8230; As\u00ed que acabamos en el hotel a las 9 y media&#8230; <\/p>\n<p>Al d\u00eda siguiente hab\u00eda planificado visitar Par\u00eds durante el d\u00eda e ir al patinaje por la noche (a las 20h), pero Cristina me convenci\u00f3 pa ir al patinaje por la tarde, as\u00ed que vimos el museo de Orsay a toda leche y salimos corriendo a mi hotel para dejar las cosas all\u00ed y echarnos unas risas intentando hacer una <a href=\"http:\/\/www.lapecera.ch\/lapecera.ch\/fotos\/paris\/?pic=16\" target=\"_blank\">foto<\/a>. Nos compramos un kebap y nos lo llevamos al estadio donde la competici\u00f3n ya hab\u00eda empezado a la una menos cuarto, aunque en la entrada dec\u00eda a las 14h (tengo que quejarme a la organizaci\u00f3n sobre eso \u00ac\u00ac). El patinaje merece un post aparte, as\u00ed que eso os lo contar\u00e9 otro d\u00eda, s\u00f3lo decir que como no tengo ni pajolera idea el patinador que m\u00e1s me gust\u00f3 fue justamente el que qued\u00f3 el \u00faltimo, <a href=\"http:\/\/www.jamalothman.ch\" target=\"_blank\">Jamal Othman<\/a>, pero me encantaron sus saltos y sus piruetas *\u00ac* Por la noche Chris y yo fuimos a ver un concierto de la Orquesta Sinf\u00f3nica de Munich en el Th\u00e9\u00e2tre des Champs-\u00c9lys\u00e9es. \u00bfSab\u00edais que en Par\u00eds siempre hay que dar propina a los\/as acomodadores\/as porque no reciben sueldo del teatro\/estadio\/cine? O____O<\/p>\n<p>El domingo se cerr\u00f3 con una visita a la Torre Eiffel (s\u00ed, otra vez), para hacer una foto de d\u00eda xDD y una horina y pico en un caf\u00e9 cerca de la Opera de Par\u00eds tomando algo con Cristina y Emma escuchando a la primera y a mi novio describir la sinfon\u00eda n\u00famero 7 de Bruckner como si fuera un gobierno con golpes de estado, dictaduras, democracias y toa la pesca xDDD<\/p>\n<p>El avi\u00f3n sali\u00f3 a las 18 y pico con retraso y, despu\u00e9s de unas cuantas turbulencias (hab\u00eda un t\u00edo en el avi\u00f3n que iba leyendo &#8220;Turbulences&#8221; de Michael Crichton xDDDD) que nos hicieron saltar y escuchar alg\u00fan que otro gritito, llegamos sanos y salvos a Basilea. <\/p>\n<p>Y esto es todo, la cr\u00f3nica del patinaje art\u00edstico y de c\u00f3mo Cristina (yo, no la otra) se las arregl\u00f3 para que al final de la exhibici\u00f3n la hubiera escuchado medio estadio llegar\u00e1 en breve&#8230;<\/p>\n<p>Que ustedes disfruten de las fotos \ud83d\ude09<\/p>\n<p>Con esto y un bizcocho&#8230; Besos<br \/>Cris<\/p>\n<p>PD: Me falta una foto que le hice al teatro antes de que empezase en concierto, pero est\u00e1 en el m\u00f3vil y no tengo el cable a mano, chorry.<br \/>PD2: \u00a1Ah! Mi feed o sindicaci\u00f3n no funciona correctamente, as\u00ed que la he quitado hasta que el blogger beta se estabilice \ud83d\ude09 <span style=\"font-size:75%\">Supongo que ninguno se hab\u00eda fijado que eso existe, \u00bfno? xDDDD<\/span><\/p>\n","protected":false},"excerpt":{"rendered":"<p>S\u00ed, ya he vuelto de Par\u00eds con un par de historias bajo el brazo&#8230; Bueno, s\u00f3lo tengo una digna de contar, pero da igual, yo os las contar\u00e9 todas, que pa eso tengo un blog :\u00de Las fotos las encontrar\u00e9is en la secci\u00f3n &#8220;Viajes&#8221; en cuanto actualice la p\u00e1gina \ud83d\ude1b mientras tanto aqu\u00ed os dejo [&hellip;]<\/p>\n","protected":false},"author":3,"featured_media":0,"comment_status":"open","ping_status":"closed","sticky":false,"template":"","format":"standard","meta":{"footnotes":""},"categories":[],"tags":[],"class_list":["post-72","post","type-post","status-publish","format-standard","hentry"],"_links":{"self":[{"href":"https:\/\/blog.lapecera.ch\/index.php?rest_route=\/wp\/v2\/posts\/72","targetHints":{"allow":["GET"]}}],"collection":[{"href":"https:\/\/blog.lapecera.ch\/index.php?rest_route=\/wp\/v2\/posts"}],"about":[{"href":"https:\/\/blog.lapecera.ch\/index.php?rest_route=\/wp\/v2\/types\/post"}],"author":[{"embeddable":true,"href":"https:\/\/blog.lapecera.ch\/index.php?rest_route=\/wp\/v2\/users\/3"}],"replies":[{"embeddable":true,"href":"https:\/\/blog.lapecera.ch\/index.php?rest_route=%2Fwp%2Fv2%2Fcomments&post=72"}],"version-history":[{"count":0,"href":"https:\/\/blog.lapecera.ch\/index.php?rest_route=\/wp\/v2\/posts\/72\/revisions"}],"wp:attachment":[{"href":"https:\/\/blog.lapecera.ch\/index.php?rest_route=%2Fwp%2Fv2%2Fmedia&parent=72"}],"wp:term":[{"taxonomy":"category","embeddable":true,"href":"https:\/\/blog.lapecera.ch\/index.php?rest_route=%2Fwp%2Fv2%2Fcategories&post=72"},{"taxonomy":"post_tag","embeddable":true,"href":"https:\/\/blog.lapecera.ch\/index.php?rest_route=%2Fwp%2Fv2%2Ftags&post=72"}],"curies":[{"name":"wp","href":"https:\/\/api.w.org\/{rel}","templated":true}]}}