{"id":718,"date":"2010-05-11T11:15:32","date_gmt":"2010-05-11T09:15:32","guid":{"rendered":"http:\/\/lapecera.ch\/?p=718"},"modified":"2010-05-11T11:15:32","modified_gmt":"2010-05-11T09:15:32","slug":"31-dias-31-libros","status":"publish","type":"post","link":"https:\/\/blog.lapecera.ch\/?p=718","title":{"rendered":"31 d\u00edas &#8211; 31 libros"},"content":{"rendered":"<p><img loading=\"lazy\" decoding=\"async\" src=\"http:\/\/lapecera.ch\/wp-content\/uploads\/2010\/05\/31libros.png\" alt=\"\" title=\"31libros\" width=\"100\" height=\"100\" class=\"alignleft size-full wp-image-772\" \/>Lo he encontrado hoy en el blog de <a href=\"http:\/\/buechersammlerin.bplaced.net\/filemanager\/wordpress\/?p=1161\" target=\"_blank\">Steffie, die B\u00fcchersammlerin<\/a> en alem\u00e1n. Me ha parecido super interesante, as\u00ed que a partir de ma\u00f1ana empezar\u00e9. Ma\u00f1ana ser\u00e1 mi &#8220;D\u00eda 1&#8221; \u00bfAlguien quiere participar y hacerlo tambi\u00e9n? ^___^ Por si no queda claro de qu\u00e9 va, consiste en hacer cada d\u00eda una entrada en el blog con un comentario o rese\u00f1a o cita del libro que se pide y as\u00ed completar un mes lleno de libros *___* <\/p>\n<p><del><a href=\"http:\/\/lapecera.ch\/2010\/05\/dia-1-el-libro-que-estoy-leyendo\/\">D\u00eda 1 \u2013 El libro que est\u00e1s leyendo<\/a><\/del><br \/>\n<del><a href=\"http:\/\/lapecera.ch\/2010\/05\/dia-2-el-siguiente-libro-que-leere-o-que-quiero-leer\/\">D\u00eda 2 \u2013 El pr\u00f3ximo libro que leer\u00e1s o que quieres leer<\/a><\/del><br \/>\n<del><a href=\"http:\/\/lapecera.ch\/2010\/05\/dia-3-tu-libro-favorito\/\">D\u00eda 3 \u2013 Tu libro favorito<\/a><\/del><br \/>\n<del><a href=\"http:\/\/lapecera.ch\/2010\/05\/dia-4-el-libro-que-mas-odio\/\">D\u00eda 4 \u2013 El libro que m\u00e1s odias<\/a><\/del><br \/>\n<del><a href=\"http:\/\/lapecera.ch\/2010\/05\/dia-5-un-libro-que-podria-releer-una-y-otra-vez\/\">D\u00eda 5 \u2013 Un libro que podr\u00edas releer una y otra vez<\/a><\/del><br \/>\n<del><a href=\"http:\/\/lapecera.ch\/2010\/05\/dia-6-un-libro-que-solo-he-podido-leer-una-vez\/\">D\u00eda 6 \u2013 Un libro que s\u00f3lo has podido leer una vez (da igual, si lo odias o no)<\/a><\/del><br \/>\n<del><a href=\"http:\/\/lapecera.ch\/2010\/05\/dia-7-un-libro-que-me-recuerda-a-alguien\/\">D\u00eda 7 \u2013 Un libro que te recuerda a alguien<\/a><\/del><br \/>\n<del><a href=\"http:\/\/lapecera.ch\/2010\/05\/dia-8-un-libro-que-me-recuerda-un-lugar\/\">D\u00eda 8 \u2013 Un libro que te recuerda un lugar<\/a><\/del><br \/>\n<del><a href=\"http:\/\/lapecera.ch\/2010\/05\/dia-9-el-primer-libro-que-lei\/\">D\u00eda 9 \u2013 El primer libro que le\u00edste<\/a><\/del><br \/>\n<del><a href=\"http:\/\/lapecera.ch\/2010\/05\/dia-10-un-libro-de-mi-autora-favoritoa\/\">D\u00eda 10 \u2013 Un libro de tu autor\/a favorito\/a<\/a><\/del><br \/>\n<del><a href=\"http:\/\/lapecera.ch\/2010\/05\/dia-11-un-libro-que-me-gusto-mucho-en-su-momento-pero-que-ahora-no-soporto\/\">D\u00eda 11 \u2013 Un libro que te gust\u00f3 mucho en su momento, pero que ahora no soportas<\/a><\/del><br \/>\n<del><a href=\"http:\/\/lapecera.ch\/2010\/05\/dia-12-un-libro-que-me-hayan-recomendado\/\">D\u00eda 12 \u2013 Un libro que tus amigos o conocidos te hayan recomendado<\/a><\/del><br \/>\n<del><a href=\"http:\/\/lapecera.ch\/2010\/05\/dia-13-un-libro-que-me-hace-reir\/\">D\u00eda 13 \u2013 Un libro que te hace re\u00edr<\/a><\/del><br \/>\n<del><a href=\"http:\/\/lapecera.ch\/2010\/05\/dia-14-un-libro-de-mi-ninez\/\">D\u00eda 14 \u2013 Un libro de tu ni\u00f1ez<\/a><\/del><br \/>\n<del><a href=\"http:\/\/lapecera.ch\/2010\/05\/dia-15-el-cuarto-libro-de-mi-estanteria-empezando-por-la-izquierda\/\">D\u00eda 15 \u2013 El cuarto libro de tu estanter\u00eda empezando por la izquierda<\/a><\/del><br \/>\n<del><a href=\"http:\/\/lapecera.ch\/2010\/05\/dia-16-el-noveno-libro-de-mi-estanteria-empezando-por-la-derecha\/\">D\u00eda 16 \u2013 El noveno libro de tu estanter\u00eda empezando por la derecha<\/a><\/del><br \/>\n<del><a href=\"http:\/\/lapecera.ch\/2010\/05\/dia-17-un-libro-al-azar-de-mi-estanteria\/\">D\u00eda 17 \u2013 Cierra los ojos y coge un libro al azar de tu estanter\u00eda<\/a><\/del><br \/>\n<del><a href=\"http:\/\/lapecera.ch\/2010\/05\/dia-18-el-libro-con-la-portada-mas-bonita\/\">D\u00eda 18 \u2013 El libro con la portada m\u00e1s bonita que poseas<\/a><\/del><br \/>\n<del><a href=\"http:\/\/lapecera.ch\/2010\/05\/dia-19-un-libro-que-siempre-he-querido-leer\/\">D\u00eda 19 \u2013 Un libro que siempre has querido leer<\/a><\/del><br \/>\n<del><a href=\"http:\/\/lapecera.ch\/2010\/05\/dia-20-el-mejor-libro-de-las-lecturas-obligatorias-del-colegioinstituto\/\">D\u00eda 20 \u2013 El mejor libro de las lecturas obligatorias que le\u00edste durante el colegio\/instituto<\/a><\/del><br \/>\n<del><a href=\"http:\/\/lapecera.ch\/2010\/06\/dia-21-el-peor-libro-de-las-lecturas-obligatorias-del-colegioinstituto\/\">D\u00eda 21 \u2013 El peor libro de las lecturas obligatorias que le\u00edste durante el colegio\/instituto<\/a><\/del><br \/>\n<del datetime=\"2010-06-04T08:45:41+00:00\"><a href=\"http:\/\/lapecera.ch\/2010\/06\/dia-22-el-libro-con-mas-paginas\/\">D\u00eda 22 \u2013 El libro en tu estanter\u00eda que m\u00e1s p\u00e1ginas tiene<\/a><\/del><br \/>\n<del datetime=\"2010-06-04T08:45:41+00:00\"><a href=\"http:\/\/lapecera.ch\/2010\/06\/dia-23-el-libro-con-menos-paginas\/\">D\u00eda 23 \u2013 El libro en tu estanter\u00eda que menos p\u00e1ginas tiene<\/a><\/del><br \/>\n<del datetime=\"2010-06-04T09:42:36+00:00\"><a href=\"http:\/\/lapecera.ch\/2010\/06\/dia-24-un-libro-que-nadie-pensaria-que-he-leido\/\">D\u00eda 24 \u2013 Un libro que nadie pensar\u00eda que has le\u00eddo<\/a><\/del><br \/>\n<del datetime=\"2010-06-06T16:51:17+00:00\"><a href=\"http:\/\/lapecera.ch\/2010\/06\/dia-25-un-libro-cuya-protagonista-me-describe-mejor\/\">D\u00eda 25 \u2013 Un libro cuya protagonista te describe mejor<\/a><\/del><br \/>\n<del datetime=\"2010-06-06T18:03:57+00:00\"><a href=\"http:\/\/lapecera.ch\/2010\/06\/dia-26-un-libro-que-leeria-a-mis-hijos\/\">D\u00eda 26 \u2013 Un libro que leer\u00edas a tus hijos<\/a><\/del><br \/>\n<del datetime=\"2010-06-07T08:11:33+00:00\"><a href=\"http:\/\/lapecera.ch\/2010\/06\/dia-27-un-libro-cuya-figura-principal-se-corresponde-con-mi-ideal\/\">D\u00eda 27 \u2013 Un libro cuya figura principal se corresponde con tu &#8220;ideal&#8221;<\/a><\/del><br \/>\n<del datetime=\"2010-06-08T20:36:19+00:00\"><a href=\"http:\/\/lapecera.ch\/2010\/06\/dia-28-%c2%a1menos-mal-que-han-hecho-la-pelicula-de-este-libro\/\">D\u00eda 28 \u2013 \u00a1Menos mal que han hecho la pel\u00edcula de este libro!<\/a><\/del><br \/>\n<del datetime=\"2010-06-09T09:10:24+00:00\"><a href=\"http:\/\/lapecera.ch\/2010\/06\/dia-29-%c2%bfpor-que-carajo-han-hecho-una-pelicula-de-este-libro\/\">D\u00eda 29 \u2013 \u00bfPor qu\u00e9 carajo han hecho una pel\u00edcula de este libro?<\/a><\/del><br \/>\n<del datetime=\"2010-06-11T07:50:36+00:00\"><a href=\"http:\/\/lapecera.ch\/2010\/06\/dia-30-el-libro-que-estoy-leyendo\/\">D\u00eda 30 \u2013 El libro que est\u00e1s leyendo<\/a><\/del><br \/>\n<del datetime=\"2010-06-11T09:37:18+00:00\"><a href=\"http:\/\/lapecera.ch\/2010\/06\/dia-31-el-proximo-libro-que-leere-o-que-quiero-leer\/\">D\u00eda 31 \u2013 El pr\u00f3ximo libro que leer\u00e1s o que quieres leer<\/a><\/del><\/p>\n<p>El meme <span style=\"font-size: 75%;\">(esto no es un meme, pero no s\u00e9 c\u00f3mo llamarlo si no fO.o)<\/span> fue creado por <a href=\"http:\/\/eleaen.blogspot.com\/2010\/04\/bucher-bucher-bucher.html\" target=\"_blank\">\u00c4na<\/a> y <a href=\"http:\/\/shes-talking-out-loud.blogspot.com\/2010\/05\/tag-1-das-buch-das-du-zurzeit-liest.html\" target=\"_blank\">Lena<\/a>.<\/p>\n<p>A ver como se me da el experimento \ud83d\ude1b<\/p>\n<p>Con esto y un bizcocho&#8230; Besos<br \/>\nCris<\/p>\n<p>PS: Cuando llegue a casa y tenga el photoshop a mano, har\u00e9 un bot\u00f3n algo m\u00e1s chulo para el desaf\u00edo este xDD<\/p>\n","protected":false},"excerpt":{"rendered":"<p>Lo he encontrado hoy en el blog de Steffie, die B\u00fcchersammlerin en alem\u00e1n. Me ha parecido super interesante, as\u00ed que a partir de ma\u00f1ana empezar\u00e9. Ma\u00f1ana ser\u00e1 mi &#8220;D\u00eda 1&#8221; \u00bfAlguien quiere participar y hacerlo tambi\u00e9n? ^___^ Por si no queda claro de qu\u00e9 va, consiste en hacer cada d\u00eda una entrada en el blog [&hellip;]<\/p>\n","protected":false},"author":3,"featured_media":0,"comment_status":"open","ping_status":"closed","sticky":false,"template":"","format":"standard","meta":{"footnotes":""},"categories":[],"tags":[],"class_list":["post-718","post","type-post","status-publish","format-standard","hentry"],"_links":{"self":[{"href":"https:\/\/blog.lapecera.ch\/index.php?rest_route=\/wp\/v2\/posts\/718","targetHints":{"allow":["GET"]}}],"collection":[{"href":"https:\/\/blog.lapecera.ch\/index.php?rest_route=\/wp\/v2\/posts"}],"about":[{"href":"https:\/\/blog.lapecera.ch\/index.php?rest_route=\/wp\/v2\/types\/post"}],"author":[{"embeddable":true,"href":"https:\/\/blog.lapecera.ch\/index.php?rest_route=\/wp\/v2\/users\/3"}],"replies":[{"embeddable":true,"href":"https:\/\/blog.lapecera.ch\/index.php?rest_route=%2Fwp%2Fv2%2Fcomments&post=718"}],"version-history":[{"count":0,"href":"https:\/\/blog.lapecera.ch\/index.php?rest_route=\/wp\/v2\/posts\/718\/revisions"}],"wp:attachment":[{"href":"https:\/\/blog.lapecera.ch\/index.php?rest_route=%2Fwp%2Fv2%2Fmedia&parent=718"}],"wp:term":[{"taxonomy":"category","embeddable":true,"href":"https:\/\/blog.lapecera.ch\/index.php?rest_route=%2Fwp%2Fv2%2Fcategories&post=718"},{"taxonomy":"post_tag","embeddable":true,"href":"https:\/\/blog.lapecera.ch\/index.php?rest_route=%2Fwp%2Fv2%2Ftags&post=718"}],"curies":[{"name":"wp","href":"https:\/\/api.w.org\/{rel}","templated":true}]}}