{"id":713,"date":"2010-05-11T12:51:22","date_gmt":"2010-05-11T10:51:22","guid":{"rendered":"http:\/\/lapecera.ch\/?p=713"},"modified":"2010-05-11T12:51:22","modified_gmt":"2010-05-11T10:51:22","slug":"warning-climbing-is-dangerous-ii","status":"publish","type":"post","link":"https:\/\/blog.lapecera.ch\/?p=713","title":{"rendered":"Warning: climbing is dangerous (II)"},"content":{"rendered":"<p>La \u00faltima vez que hice un curso de escalada, mi primero, me fui con el SAC central a Meiringen y acabamos escalando en un lugar llamado <a href=\"http:\/\/lapecera.ch\/2009\/06\/warning-climbing-is-dangerous\/\" target=\"_blank\">Beretli<\/a> el d\u00eda que no llovi\u00f3. Este fin de semana estaba planificado un curso de dos d\u00edas organizado por el SAC Olten en las monta\u00f1as que tenemos al lado de casa. Era un curso b\u00e1sicamente de t\u00e9cnica, pero pa Christoph y pa m\u00ed que somos novatos, nos ven\u00eda muy bien. El jueves nos avisa la organizadora que al gu\u00eda que nos iba a dar el curso le hab\u00eda dado una lumbalgia y estaba buscando un sustituto. Esto ven\u00eda a decir que el s\u00e1bado no habr\u00eda curso y yo podr\u00eda dormir la ma\u00f1ana xDD El viernes nos enteramos que el curso se reducir\u00eda a un d\u00eda cerca de <a href=\"http:\/\/es.wikipedia.org\/wiki\/Lungern\" class=\"example7\">Lungern<\/a>. Cu\u00e1n grande ser\u00eda mi sorpresa cuando result\u00f3 que \u00edbamos a escalar en Beretli xDDDD <\/p>\n<p><a href=\"http:\/\/lapecera.ch\/wp-content\/uploads\/2010\/05\/DSC05280.jpg\" rel=\"lightbox[gatos]\" title=\"mi gatitos, c\u00f3mo me gustan y qu\u00e9 da\u00f1o me hacen los jod\u00edos T-T\"><img loading=\"lazy\" decoding=\"async\" src=\"http:\/\/lapecera.ch\/wp-content\/uploads\/2010\/05\/DSC05280-300x200.jpg\" alt=\"Mi gatitos\" title=\"mi gatitos\" width=\"300\" height=\"200\" class=\"alignright size-medium wp-image-714\" srcset=\"https:\/\/blog.lapecera.ch\/wp-content\/uploads\/2010\/05\/DSC05280-300x200.jpg 300w, https:\/\/blog.lapecera.ch\/wp-content\/uploads\/2010\/05\/DSC05280-768x512.jpg 768w, https:\/\/blog.lapecera.ch\/wp-content\/uploads\/2010\/05\/DSC05280-1024x683.jpg 1024w\" sizes=\"auto, (max-width: 300px) 100vw, 300px\" \/><\/a>La primera ostia del d\u00eda me la met\u00ed calentando, que ya es empezar con buen pie, \u00bfno? Ralph, el gu\u00eda, nos estaba ense\u00f1ando lo del <em>Reibung<\/em> (sorry, el curso era en alem\u00e1n >.<) y s\u00f3lo hab\u00eda dado dos pasitos por la piedra para probar... Pero cuando me puse a bajarme, resbal\u00e9 y ca\u00ed de culo manchando mis gatos de barro... Luego tuve que ponerlos a secar para poder seguir T-T Entre otras cosas este domingo he descubierto que no tengo m\u00fasculos en los brazos suficientemente fuertes (ninguna sorpresa teniendo en cuenta el deporte que yo practico = 0), que las paredes sin buenos sitios donde agarrarse me estresan, que los m\u00fasculos de las manos y dedos pueden doler como los de las piernas, que no me gustan nada las orugas peludas :S y que mis gatos me hacen m\u00e1s da\u00f1o que el que deber\u00edan (pero son tan guapos... tendr\u00e9 que mirar a ver si unas medias o compeeds los hacen m\u00e1s tolerable).\n\nDe recuerdo me traje unas se\u00f1oras agujetas, que no soy capaz de quitarme de encima. Ponerme el abrigo o simplemente escribir est\u00e1 siendo una tortura >.< Y todo por culpa del pu\u00f1etero 5a+ que no consegu\u00ed subir, despu\u00e9s de tres o cuatro intentos desist\u00ed y me fui a subir un 3a en <em>Vorstieg<\/em> (el resto lo estabamos haciendo en <em>top-rope<\/em>, a ver c\u00f3mo si no, \u00edbamos a subir Christoph y yo un 4b o un 5a v.v). En fin&#8230; lo pasamos bien, pero acabamos molidos&#8230; de hecho, seguimos molidos&#8230; Por suerte, el jueves no hay que trabajar y puedo dormir la ma\u00f1ana ^___^<\/p>\n<p>Y eso es todo de momento, volver\u00e9 ma\u00f1ana con los &#8220;31 d\u00edas &#8211; 31 libros&#8221; y a contaros sobre las \u00faltimas pelis que he visto (a ver si me decido a ir hoy al cine a ver <em>The Last Song<\/em>).<\/p>\n<p>Con esto y un bizcocho&#8230; Besos<br \/>\nCris<\/p>\n","protected":false},"excerpt":{"rendered":"<p>La \u00faltima vez que hice un curso de escalada, mi primero, me fui con el SAC central a Meiringen y acabamos escalando en un lugar llamado Beretli el d\u00eda que no llovi\u00f3. Este fin de semana estaba planificado un curso de dos d\u00edas organizado por el SAC Olten en las monta\u00f1as que tenemos al lado [&hellip;]<\/p>\n","protected":false},"author":3,"featured_media":0,"comment_status":"open","ping_status":"closed","sticky":false,"template":"","format":"standard","meta":{"footnotes":""},"categories":[],"tags":[],"class_list":["post-713","post","type-post","status-publish","format-standard","hentry"],"_links":{"self":[{"href":"https:\/\/blog.lapecera.ch\/index.php?rest_route=\/wp\/v2\/posts\/713","targetHints":{"allow":["GET"]}}],"collection":[{"href":"https:\/\/blog.lapecera.ch\/index.php?rest_route=\/wp\/v2\/posts"}],"about":[{"href":"https:\/\/blog.lapecera.ch\/index.php?rest_route=\/wp\/v2\/types\/post"}],"author":[{"embeddable":true,"href":"https:\/\/blog.lapecera.ch\/index.php?rest_route=\/wp\/v2\/users\/3"}],"replies":[{"embeddable":true,"href":"https:\/\/blog.lapecera.ch\/index.php?rest_route=%2Fwp%2Fv2%2Fcomments&post=713"}],"version-history":[{"count":0,"href":"https:\/\/blog.lapecera.ch\/index.php?rest_route=\/wp\/v2\/posts\/713\/revisions"}],"wp:attachment":[{"href":"https:\/\/blog.lapecera.ch\/index.php?rest_route=%2Fwp%2Fv2%2Fmedia&parent=713"}],"wp:term":[{"taxonomy":"category","embeddable":true,"href":"https:\/\/blog.lapecera.ch\/index.php?rest_route=%2Fwp%2Fv2%2Fcategories&post=713"},{"taxonomy":"post_tag","embeddable":true,"href":"https:\/\/blog.lapecera.ch\/index.php?rest_route=%2Fwp%2Fv2%2Ftags&post=713"}],"curies":[{"name":"wp","href":"https:\/\/api.w.org\/{rel}","templated":true}]}}