{"id":71,"date":"2006-11-15T15:26:00","date_gmt":"2006-11-15T13:26:00","guid":{"rendered":"http:\/\/lapecera.ch\/?p=71"},"modified":"2006-11-15T15:26:00","modified_gmt":"2006-11-15T13:26:00","slug":"cerrado-por-porque-me-da-la-gana","status":"publish","type":"post","link":"https:\/\/blog.lapecera.ch\/?p=71","title":{"rendered":"Cerrado por&#8230; porque me da la gana"},"content":{"rendered":"<p>Hoi muchach@s \ud83d\ude00<\/p>\n<p>El viernes a las 6:40 volar\u00e9 en direcci\u00f3n a Par\u00eds a buscar a Am\u00e9lie en Montmatre, pasear junto al Sena y subir a la Torre Eiffel. Y de paso ir\u00e9 a ver a Jeffrey Buttle hacer piruetas y dem\u00e1s parafernalia al m\u00e1s puro <em>Pasi\u00f3n por el triunfo<\/em>&#8230; xDDD<\/p>\n<p>Por lo dem\u00e1s no tengo m\u00e1s que contar. Las cosas van bien en casa y en el trabajo (salvo lo de mi g\u00fceli T___T). Las galletas estaban muy buenas, sobre todo, las de nueces y los whities no duraron un asalto \ud83d\ude00<\/p>\n<p>Volver\u00e9 con fotos e historias que contar \ud83d\ude09<\/p>\n<p>Con esto y un bizcocho&#8230; Besos<br \/>\nCris<\/p>\n<p>PD: Si me da tiempo hoy, cambiar\u00e9 la canci\u00f3n del blog y os dejo una bonita m\u00fasica pal finde. Por cierto, \u00bfalguien ha escuchado la canci\u00f3n <em>Si yo fuera mujer<\/em>\u00a0de La Quinta Estaci\u00f3n? xDDDD<\/p>\n","protected":false},"excerpt":{"rendered":"<p>Hoi muchach@s \ud83d\ude00 El viernes a las 6:40 volar\u00e9 en direcci\u00f3n a Par\u00eds a buscar a Am\u00e9lie en Montmatre, pasear junto al Sena y subir a la Torre Eiffel. Y de paso ir\u00e9 a ver a Jeffrey Buttle hacer piruetas y dem\u00e1s parafernalia al m\u00e1s puro Pasi\u00f3n por el triunfo&#8230; xDDD Por lo dem\u00e1s no [&hellip;]<\/p>\n","protected":false},"author":3,"featured_media":0,"comment_status":"open","ping_status":"closed","sticky":false,"template":"","format":"standard","meta":{"footnotes":""},"categories":[],"tags":[],"class_list":["post-71","post","type-post","status-publish","format-standard","hentry"],"_links":{"self":[{"href":"https:\/\/blog.lapecera.ch\/index.php?rest_route=\/wp\/v2\/posts\/71","targetHints":{"allow":["GET"]}}],"collection":[{"href":"https:\/\/blog.lapecera.ch\/index.php?rest_route=\/wp\/v2\/posts"}],"about":[{"href":"https:\/\/blog.lapecera.ch\/index.php?rest_route=\/wp\/v2\/types\/post"}],"author":[{"embeddable":true,"href":"https:\/\/blog.lapecera.ch\/index.php?rest_route=\/wp\/v2\/users\/3"}],"replies":[{"embeddable":true,"href":"https:\/\/blog.lapecera.ch\/index.php?rest_route=%2Fwp%2Fv2%2Fcomments&post=71"}],"version-history":[{"count":0,"href":"https:\/\/blog.lapecera.ch\/index.php?rest_route=\/wp\/v2\/posts\/71\/revisions"}],"wp:attachment":[{"href":"https:\/\/blog.lapecera.ch\/index.php?rest_route=%2Fwp%2Fv2%2Fmedia&parent=71"}],"wp:term":[{"taxonomy":"category","embeddable":true,"href":"https:\/\/blog.lapecera.ch\/index.php?rest_route=%2Fwp%2Fv2%2Fcategories&post=71"},{"taxonomy":"post_tag","embeddable":true,"href":"https:\/\/blog.lapecera.ch\/index.php?rest_route=%2Fwp%2Fv2%2Ftags&post=71"}],"curies":[{"name":"wp","href":"https:\/\/api.w.org\/{rel}","templated":true}]}}