{"id":70,"date":"2006-11-08T12:40:00","date_gmt":"2006-11-08T10:40:00","guid":{"rendered":"http:\/\/lapecera.ch\/?p=70"},"modified":"2006-11-08T12:40:00","modified_gmt":"2006-11-08T10:40:00","slug":"blackandwhite","status":"publish","type":"post","link":"https:\/\/blog.lapecera.ch\/?p=70","title":{"rendered":"blackandwhite"},"content":{"rendered":"<p>No tengo mucho que contar y esta semana estar\u00e9 algo liadilla preparando la cena de cumplea\u00f1os del viernes y el G\u00fcetzli-Event* del domingo, as\u00ed que os dejo una tira de Calvin &#038; Hobbes, que me parece muy, muy, muy divertida. Adoro al padre de Calvin xDDD<\/p>\n<div align=\"center\"><img decoding=\"async\" src=\"http:\/\/www.lapecera.ch\/c+h.jpg\" style=\"border: solid 1px #c83e22;\"><\/div>\n<p>Que pas\u00e9is una buena semana y un buen fin de semana<\/p>\n<p>Con esto y un bizcocho&#8230; Besos<br \/>Cris<\/p>\n<p>*<span style=\"font-size: 75%;\">Guetzli-Event: nos juntaremos mi amiga Taty y yo, junto a nuestros respectivos, y haremos galletas de Navidad *\u00ac*<\/span><\/p>\n","protected":false},"excerpt":{"rendered":"<p>No tengo mucho que contar y esta semana estar\u00e9 algo liadilla preparando la cena de cumplea\u00f1os del viernes y el G\u00fcetzli-Event* del domingo, as\u00ed que os dejo una tira de Calvin &#038; Hobbes, que me parece muy, muy, muy divertida. Adoro al padre de Calvin xDDD Que pas\u00e9is una buena semana y un buen fin [&hellip;]<\/p>\n","protected":false},"author":3,"featured_media":0,"comment_status":"open","ping_status":"closed","sticky":false,"template":"","format":"standard","meta":{"footnotes":""},"categories":[],"tags":[],"class_list":["post-70","post","type-post","status-publish","format-standard","hentry"],"_links":{"self":[{"href":"https:\/\/blog.lapecera.ch\/index.php?rest_route=\/wp\/v2\/posts\/70","targetHints":{"allow":["GET"]}}],"collection":[{"href":"https:\/\/blog.lapecera.ch\/index.php?rest_route=\/wp\/v2\/posts"}],"about":[{"href":"https:\/\/blog.lapecera.ch\/index.php?rest_route=\/wp\/v2\/types\/post"}],"author":[{"embeddable":true,"href":"https:\/\/blog.lapecera.ch\/index.php?rest_route=\/wp\/v2\/users\/3"}],"replies":[{"embeddable":true,"href":"https:\/\/blog.lapecera.ch\/index.php?rest_route=%2Fwp%2Fv2%2Fcomments&post=70"}],"version-history":[{"count":0,"href":"https:\/\/blog.lapecera.ch\/index.php?rest_route=\/wp\/v2\/posts\/70\/revisions"}],"wp:attachment":[{"href":"https:\/\/blog.lapecera.ch\/index.php?rest_route=%2Fwp%2Fv2%2Fmedia&parent=70"}],"wp:term":[{"taxonomy":"category","embeddable":true,"href":"https:\/\/blog.lapecera.ch\/index.php?rest_route=%2Fwp%2Fv2%2Fcategories&post=70"},{"taxonomy":"post_tag","embeddable":true,"href":"https:\/\/blog.lapecera.ch\/index.php?rest_route=%2Fwp%2Fv2%2Ftags&post=70"}],"curies":[{"name":"wp","href":"https:\/\/api.w.org\/{rel}","templated":true}]}}