{"id":693,"date":"2010-05-04T16:24:34","date_gmt":"2010-05-04T14:24:34","guid":{"rendered":"http:\/\/lapecera.ch\/?p=693"},"modified":"2010-05-04T16:24:34","modified_gmt":"2010-05-04T14:24:34","slug":"proyecto-en-basel-2-0","status":"publish","type":"post","link":"https:\/\/blog.lapecera.ch\/?p=693","title":{"rendered":"Proyecto &#8220;En Basel 2.0&#8221;"},"content":{"rendered":"<p>El otro d\u00eda <a href=\"http:\/\/lapecera.ch\/2010\/04\/el-balanceo-del-tren\/\" target=\"_blank\">os presentaba a Manuela y a Roger<\/a> (todav\u00eda queda Laura por conocer). Este fin de semana, haciendo limpieza en un momento de &#8220;\u00bfa qu\u00e9 ven\u00eda yo a esta habitaci\u00f3n?&#8221; \u2013fijo que no a limpiar\u2013, me encontr\u00e9 entre otras cosas con el art\u00edculo sobre la modelo que me inspir\u00f3 para el personaje de Manuela y que daba por perdido. En plena eufor\u00eda &#8220;\u00a1ay, dios santo!, pero \u00bfqu\u00e9 tengo yo en estas carpetas?&#8221; encontr\u00e9 de todo un poco xDDD Entre ellos, <em>Die Prophezeiung<\/em>, tambi\u00e9n conocida como <em>La princesa de Shigara<\/em>, que fue una historia de fantas\u00eda medieval que me propuse escribir hace a\u00f1os, surgida o inspirada en <em>Cecilia<\/em> y que despu\u00e9s de varias reescrituras y nuevos comienzos, hace cinco o seis a\u00f1os decid\u00ed escribir en alem\u00e1n&#8230; para practicar&#8230; igual que hab\u00eda hecho con <a href=\"http:\/\/lapecera.ch\/2006\/05\/new-girl\/\" target=\"_blank\"><em>New Girl<\/em><\/a> para mi ingl\u00e9s&#8230; <\/p>\n<p>Ayer me le\u00ed los cuatro cap\u00edtulos que tengo escritos y descubr\u00ed con horror lo mucho que se parece a <em>Cr\u00f3nicas de Belgarath<\/em>, y con esperanza lo mucho que me gustan sus protagonistas. Igual hay salvaci\u00f3n para ellos: Shera, Aileen, Gabriel y Kilian volver\u00e1n alg\u00fan d\u00edas, s\u00ed o s\u00ed xDDD<\/p>\n<p><a href=\"http:\/\/www.flickr.com\/photos\/barking-madcrow\/\"><img loading=\"lazy\" decoding=\"async\" src=\"http:\/\/lapecera.ch\/wp-content\/uploads\/2010\/05\/basel-300x200.jpg\" alt=\"\" title=\"the river Rhine flows through Basel\" width=\"300\" height=\"200\" class=\"alignleft size-medium wp-image-700\" srcset=\"https:\/\/blog.lapecera.ch\/wp-content\/uploads\/2010\/05\/basel-300x200.jpg 300w, https:\/\/blog.lapecera.ch\/wp-content\/uploads\/2010\/05\/basel-768x512.jpg 768w, https:\/\/blog.lapecera.ch\/wp-content\/uploads\/2010\/05\/basel-1024x683.jpg 1024w, https:\/\/blog.lapecera.ch\/wp-content\/uploads\/2010\/05\/basel.jpg 1233w\" sizes=\"auto, (max-width: 300px) 100vw, 300px\" \/><\/a>Os contaba tambi\u00e9n el otro d\u00eda que Lola me persigue desde hace unos d\u00edas cont\u00e1ndome con lujo de detalles lo mucho que odia su pelo, as\u00ed que empec\u00e9 a escribir sobre ella y tengo hoja y media, m\u00e1s o menos. Para desquitarme un poco y que se me pasase el subid\u00f3n que me aturde, decid\u00ed leerme de nuevo lo que llevaba de historia. Christoph la ten\u00eda en su mesita de noche a la espera de que alguna noche no tenga revistas, peri\u00f3dicos, libros ni ninguna otra cosa interesante que leer o ver para empezar con ella, as\u00ed que se la quit\u00e9 y empec\u00e9 a leerla yo con gran espanto >.<  \u00a1D\u00edos santo, qu\u00e9 horror de primer cap\u00edtulo! \u00a1Y de segundo! \u00a1\u00a1Y de tercero y cuarto!! Por lo visto, hasta el quinto no consegu\u00ed hacerme con las riendas de los personajes. Se ve claramente cu\u00e1ndo los personajes fueron definidos (o se definieron a si mismo) y cuando el autor, o sea, <em>aqu\u00edlamendalerenda<\/em> escrib\u00eda dando palos de ciego. Luego segu\u00ed escribiendo as\u00ed, pero al menos, los personajes estaban tan claros que hubo quien lleg\u00f3 a enamorarse de Marc (es tan mono \u00e9l). De todas formas, y pese a mis esfuerzos en el tema, el otro personaje principal, Lola, no qued\u00f3 a la altura de Marc y se desdibujaba a su lado&#8230; Peeeerrooooo, la ni\u00f1a ha vuelto con fuerza, un <em>look <\/em>nuevo y toda una historia anterior a su vida en Basilea, que estoy escribiendo, al menos en mi cabeza, con todo lujo de detalles *muajajajajaja* La historia de <em>En Basel<\/em>, tal y como la conoc\u00edais ha desaparecido, se ha esfumado y no volver\u00e1. Se termin\u00f3 en el cap\u00edtulo 6 de la segunda parte. Reciclar\u00e9 partes, seguro porque hay cosas que me gustaban, pero pod\u00e9is decirle adios desde ya. <\/p>\n<p>Y ahora pod\u00e9is recibir con <strong>un gran aplauso<\/strong> a los nuevos (pero viejos) Lola, Marc, Lorelei, Nico y los dem\u00e1s. S\u00f3lo necesitan(amos) animos para salir adelante *___________* un cazamariposas y un poco de tiempo libre&#8230; y a lo mejor conseguimos arrancar y llegar a un punto final en alg\u00fan futuro (lejano).<\/p>\n<p>Hala, ahora os dejo ya, que es hora de irme a casa o de compras o simplemente salir de aqu\u00ed \ud83d\ude09<\/p>\n<p>Con esto y un bizcocho&#8230; Besos<br \/>\nCris<\/p>\n","protected":false},"excerpt":{"rendered":"<p>El otro d\u00eda os presentaba a Manuela y a Roger (todav\u00eda queda Laura por conocer). Este fin de semana, haciendo limpieza en un momento de &#8220;\u00bfa qu\u00e9 ven\u00eda yo a esta habitaci\u00f3n?&#8221; \u2013fijo que no a limpiar\u2013, me encontr\u00e9 entre otras cosas con el art\u00edculo sobre la modelo que me inspir\u00f3 para el personaje de [&hellip;]<\/p>\n","protected":false},"author":3,"featured_media":0,"comment_status":"open","ping_status":"closed","sticky":false,"template":"","format":"standard","meta":{"footnotes":""},"categories":[],"tags":[],"class_list":["post-693","post","type-post","status-publish","format-standard","hentry"],"_links":{"self":[{"href":"https:\/\/blog.lapecera.ch\/index.php?rest_route=\/wp\/v2\/posts\/693","targetHints":{"allow":["GET"]}}],"collection":[{"href":"https:\/\/blog.lapecera.ch\/index.php?rest_route=\/wp\/v2\/posts"}],"about":[{"href":"https:\/\/blog.lapecera.ch\/index.php?rest_route=\/wp\/v2\/types\/post"}],"author":[{"embeddable":true,"href":"https:\/\/blog.lapecera.ch\/index.php?rest_route=\/wp\/v2\/users\/3"}],"replies":[{"embeddable":true,"href":"https:\/\/blog.lapecera.ch\/index.php?rest_route=%2Fwp%2Fv2%2Fcomments&post=693"}],"version-history":[{"count":0,"href":"https:\/\/blog.lapecera.ch\/index.php?rest_route=\/wp\/v2\/posts\/693\/revisions"}],"wp:attachment":[{"href":"https:\/\/blog.lapecera.ch\/index.php?rest_route=%2Fwp%2Fv2%2Fmedia&parent=693"}],"wp:term":[{"taxonomy":"category","embeddable":true,"href":"https:\/\/blog.lapecera.ch\/index.php?rest_route=%2Fwp%2Fv2%2Fcategories&post=693"},{"taxonomy":"post_tag","embeddable":true,"href":"https:\/\/blog.lapecera.ch\/index.php?rest_route=%2Fwp%2Fv2%2Ftags&post=693"}],"curies":[{"name":"wp","href":"https:\/\/api.w.org\/{rel}","templated":true}]}}