{"id":676,"date":"2010-04-29T11:36:09","date_gmt":"2010-04-29T09:36:09","guid":{"rendered":"http:\/\/lapecera.ch\/?p=676"},"modified":"2010-04-29T11:36:09","modified_gmt":"2010-04-29T09:36:09","slug":"vacaciones-de-cris-y-chris-vii-arrivederci-roma","status":"publish","type":"post","link":"https:\/\/blog.lapecera.ch\/?p=676","title":{"rendered":"Vacaciones de Cris y Chris VII: Arrivederci Roma!"},"content":{"rendered":"<blockquote><p>Goodbye, Au revoir<br \/>\nSi ritrova a pranzo a Squarciarelli<br \/>\nfettuccine e vino dei Castelli<br \/>\ncome ai tempi belli che Pinelli immortal\u00f2!\n<\/p><\/blockquote>\n<p>Ahora que Mar\u00eda le ponga m\u00fasica y la cantamos todos juntos. Total la tengo pegada desde el domingo y no hay manera de quit\u00e1rmela de encima&#8230;<\/p>\n<p>El fin de semana pasado estuvimos desde el jueves en Roma visitando a la Soto, que nos acogi\u00f3 en su casa y nos llev\u00f3 de paseo y a comer por ah\u00ed. Para nosotros era la segunda vez, pero eso no nos libro (al menos a m\u00ed que Christoph estaba en un concierto) de ver de nuevo San Pedro del Vaticano, la Fontana di Trevi, la Plaza de Espa\u00f1a, el Pante\u00f3n, el monumento a Vittorio Emmanuel II, <em>Padre della Patria<\/em> >.< A cambio hemos estado por primera vez en la Villa Pamphilj, en la Academia de Espa\u00f1a, en el Gianicolo, en la galer\u00eda de la Villa Borghese, en el Coliseo, el Palatino y los Foros, en el Trastevere, en Campo di Fiori... hemos catado espaguetis <em>alla amatriciana<\/em>, pizzas <em>4 formaggi<\/em> y a la <em>fiore di zucca<\/em>, <em>antipastis<\/em> romanos de todo tipo, <em>gelatti<\/em> de lim\u00f3n, naranja, menta, chocolate blanco, pi\u00f1a, <em>stracciatella<\/em>, nutella, <em>panna cotta<\/em> y alguno que otro m\u00e1s&#8230;<\/p>\n<p><a href=\"http:\/\/lapecera.ch\/say-cheese\" target=\"_blank\"><img loading=\"lazy\" decoding=\"async\" src=\"http:\/\/lapecera.ch\/wp-content\/uploads\/2010\/04\/DSC05228-300x200.jpg\" alt=\"\" title=\"En la Roma Cl\u00e1sica\" width=\"300\" height=\"200\" class=\"alignright size-medium wp-image-682\" srcset=\"https:\/\/blog.lapecera.ch\/wp-content\/uploads\/2010\/04\/DSC05228-300x200.jpg 300w, https:\/\/blog.lapecera.ch\/wp-content\/uploads\/2010\/04\/DSC05228-768x512.jpg 768w, https:\/\/blog.lapecera.ch\/wp-content\/uploads\/2010\/04\/DSC05228-1024x683.jpg 1024w, https:\/\/blog.lapecera.ch\/wp-content\/uploads\/2010\/04\/DSC05228.jpg 1600w\" sizes=\"auto, (max-width: 300px) 100vw, 300px\" \/><\/a>En fin, que para no hacer la entrada eterna, os pongo ya as\u00ed de golpe y sin anestesia los momentos m\u00e1s memorables de nuestra estancia en Roma, <em>la cit\u00e0 eterna <\/em>\ud83d\ude09<\/p>\n<p>Momentos memorables y no tan memorables:<br \/>\n&#8211; El <strong>cangrejo<\/strong> Felicio Ignacio Anastasio Crust\u00e1ceo Sebastian y el susto que Emma le meti\u00f3 a Christoph, cuando intent\u00f3 hacerle una foto con el peluche mientras dormitaba en el sof\u00e1&#8230; Lo que pasa es que se despert\u00f3 para encontrarse a Emma a su lado con un cangrejo en la mano xDDDD De todas formas, al d\u00eda siguiente, se lo encontr\u00f3 a su lado en la cama. Fue el momento \u00ab\u00a1\u00bfqu\u00e9 co\u00f1o hace este cangrejo en mi cama?!\u00bb. Y el lunes por la ma\u00f1ana Mar\u00eda intent\u00f3 la misma maniobra, pero como est\u00e1bamos despiertos lo \u00fanico que consigui\u00f3 es que la pillaramos en plan silencio-misi\u00f3n-imposible entrando en el sal\u00f3n con dos cangrejos Sebastianes en la mano (el de ella y el m\u00edo xD).<br \/>\n&#8211; El <strong><em>Jon Porno<\/em><\/strong> y la anecdota de la madre de Christoph dici\u00e9ndoselo a todo el mundo en unas vacaciones en Italia. Luego lo us\u00e1bamos nosotros xDDD<br \/>\n&#8211; Una conversaci\u00f3n <strong>gaviotil <\/strong>de camino al Coliseo en plan \u00abminemineminemine\u00bb. No recuerdo de qu\u00e9 iba, pero probablemente se trataba de temas escatol\u00f3gicos \ud83d\ude1b<br \/>\n&#8211; La <strong>visita guiada <\/strong>por el Coliseo y los Foros Romanos, que, aunque fuera un poco aprisa y corriendo, fue interesante y gratis, oye. Al final, no pudimos invitar a F\u00e9lix a comer, pero ya habr\u00e1 otra oportunidad (o le mandaremos chocolate suizo como pago xD). Por cierto, \u00bfc\u00f3mo se llamaba la mexicana? fO.o<br \/>\n&#8211; La cena con las compa\u00f1eras de piso de Mar\u00eda y sus amigos y el \u00abPrimero, Emma, quitate esa <strong>miga <\/strong>de la teta y segundo&#8230;\u00bb. Algo le pregunt\u00f3 Christoph, pero no me acuerdo. Por suerte, no dijo \u00abhormiga\u00bb xDD<br \/>\n&#8211; Mi <strong>saludo ma\u00f1anil <\/strong>medio dormido y pol\u00edglota del viernes por la ma\u00f1ana. Raffaela y Mar\u00eda me saludaron en italiano y se comprende que eso desarm\u00f3 todos los esquemas idiom\u00e1ticos de la mitad de la media neurona que estaba despierta. Contest\u00e9 en una sucesi\u00f3n de lenguas en una misma frase, m\u00e1s bien pensamiento, dir\u00eda yo: italiano, alem\u00e1n, ingl\u00e9s y espa\u00f1ol, pero sin sentido alguno y sin ning\u00fan orden.<br \/>\n&#8211; Los <strong>temas <\/strong>escatol\u00f3gicos que siempre sal\u00edan cada vez que Emma empezaba a contarnos an\u00e9cdotas de su trabajo >.<\n- El \u00abEmma, t\u00eda, cambia de <strong>peluquera<\/strong>\u00bb de Mar\u00eda, el \u00ab\u00bfDuermes con <strong>falda<\/strong>?\u00bb de Christoph, el \u00ab<strong>Par\u00e1metros <\/strong>sexuales\u00bb de&#8230; \u00bfPaula o fue Emma?<br \/>\n&#8211; <strong>Neruda<\/strong>, prototipo de macho ib\u00e9rico mediterr\u00e1neo que se pasa el d\u00eda rasc\u00e1ndose los g\u00fcevos. \u00a1Pobrecillo! La de chistes que hicimos con su dermatitis.<br \/>\n&#8211; Paula y Emma saliendo de casa el lunes a las 7 y media de la ma\u00f1ana del lunes para llegar al aeropuerto y encontrarse con que el avi\u00f3n ten\u00eda casi <strong>cuatro horas de retraso<\/strong>. Perdieron la conexi\u00f3n en Barajas y acabaron volviendo en tren a Oviedo. Llegaron a las 23 y pico. Christoph y yo llegamos sin problemas y con puntualidad de reloj suizo a casa, \u00a1como dios manda, vamos!<br \/>\n&#8211; Las <strong>ambulancias <\/strong>en Roma. No hab\u00eda d\u00eda que no vieras de dos a tres ambulancias pasar a toda pastilla por las calles de la ciudad. Hasta vimos una en el aeropuerto fO.o<br \/>\n&#8211; Los <strong>autobuses <\/strong>romanos, que al final no eran tan impuntuales como Mar\u00eda afirmaba, y el puto <strong>empedrao <\/strong>que cubre todas las calles de Roma. Sal\u00edas del autobus como si te hubieran dado un masaje anticelulitis, pero sin ese efecto v.v<br \/>\n&#8211; La <strong>comida italiana <\/strong>y los <strong>helados <\/strong>de naranja, pi\u00f1a, menta, <em>stracciatella <\/em>o <em>panna cotta <\/em>que nos metimos entre pecho y espalda. El arroz tailand\u00e9s que estaba especialmente <em>arrabiatto<\/em> y el chili verde que me tragu\u00e9 por equivocaci\u00f3n >.< Las <em>fiori di zucca<\/em> y las cosas raras que una se encuentra para comer en Roma.<br \/>\n&#8211; Paula y yo nos quedamos sin el <strong>bolso de Vespa<\/strong>. Nena, tiramos moneda a la Fontana, as\u00ed que habr\u00e1 que volver a buscarlo xD<br \/>\n&#8211; A la que preguntaba por los nombres de <strong>las siete colinas de Roma<\/strong>, dice Wikipedia que se llaman: Aventino, Capitolino, Celio, Esquilino, Palatino, Quirinal y Viminal. <\/p>\n<p>Y eso es todo, si algun@ de l@s afectad@s recuerda alguna an\u00e9cdota que se me haya pasado que lo deje en los comentarios. Yo ahora me voy a hacer como que trabajo&#8230; que me espera un mont\u00f3n de cosas >.<\n\nCon esto y un bizcocho... Besos\nCris\n\nPS: Cuando <em>arrive<\/em> a casa, cambiar\u00e9 la canci\u00f3n del blog *muajajaja*<\/p>\n","protected":false},"excerpt":{"rendered":"<p>Goodbye, Au revoir Si ritrova a pranzo a Squarciarelli fettuccine e vino dei Castelli come ai tempi belli che Pinelli immortal\u00f2! Ahora que Mar\u00eda le ponga m\u00fasica y la cantamos todos juntos. Total la tengo pegada desde el domingo y no hay manera de quit\u00e1rmela de encima&#8230; El fin de semana pasado estuvimos desde el [&hellip;]<\/p>\n","protected":false},"author":3,"featured_media":0,"comment_status":"open","ping_status":"closed","sticky":false,"template":"","format":"standard","meta":{"footnotes":""},"categories":[],"tags":[],"class_list":["post-676","post","type-post","status-publish","format-standard","hentry"],"_links":{"self":[{"href":"https:\/\/blog.lapecera.ch\/index.php?rest_route=\/wp\/v2\/posts\/676","targetHints":{"allow":["GET"]}}],"collection":[{"href":"https:\/\/blog.lapecera.ch\/index.php?rest_route=\/wp\/v2\/posts"}],"about":[{"href":"https:\/\/blog.lapecera.ch\/index.php?rest_route=\/wp\/v2\/types\/post"}],"author":[{"embeddable":true,"href":"https:\/\/blog.lapecera.ch\/index.php?rest_route=\/wp\/v2\/users\/3"}],"replies":[{"embeddable":true,"href":"https:\/\/blog.lapecera.ch\/index.php?rest_route=%2Fwp%2Fv2%2Fcomments&post=676"}],"version-history":[{"count":0,"href":"https:\/\/blog.lapecera.ch\/index.php?rest_route=\/wp\/v2\/posts\/676\/revisions"}],"wp:attachment":[{"href":"https:\/\/blog.lapecera.ch\/index.php?rest_route=%2Fwp%2Fv2%2Fmedia&parent=676"}],"wp:term":[{"taxonomy":"category","embeddable":true,"href":"https:\/\/blog.lapecera.ch\/index.php?rest_route=%2Fwp%2Fv2%2Fcategories&post=676"},{"taxonomy":"post_tag","embeddable":true,"href":"https:\/\/blog.lapecera.ch\/index.php?rest_route=%2Fwp%2Fv2%2Ftags&post=676"}],"curies":[{"name":"wp","href":"https:\/\/api.w.org\/{rel}","templated":true}]}}