{"id":67,"date":"2006-10-31T11:16:00","date_gmt":"2006-10-31T09:16:00","guid":{"rendered":"http:\/\/lapecera.ch\/?p=67"},"modified":"2006-10-31T11:16:00","modified_gmt":"2006-10-31T09:16:00","slug":"ursa-major","status":"publish","type":"post","link":"https:\/\/blog.lapecera.ch\/?p=67","title":{"rendered":"Ursa major"},"content":{"rendered":"<p><a href=\"http:\/\/www.lapecera.ch\/UrsaMajor.jpg\" target=\"_blank\"><img decoding=\"async\" style=\"FLOAT: left; MARGIN: 5px 10px 10px 0px; border=solid 1px #c83e22\" alt=\"Ursa Major\" src=\"http:\/\/www.lapecera.ch\/UrsaMajor.jpg\" border=\"0\" width=\"200\"\/><\/a>Siempre me han gustado las estrellas, pero soy demasiado vaga para preocuparme por investigar para saber qu\u00e9 es lo que veo cuando alzo los ojos hacia el cielo en una noche estrellada\u2026 La semana pasada Ita me despert\u00f3 de nuevo la curiosidad por la astronom\u00eda\u2026 xD<\/p>\n<p>Ayer Taty y Christian nos invitaron a su casa a degustar el famoso pollo Pugliese, que por cierto estaba de muerte. A la vuelta a casa a eso de las 11 y pico por el camino-atajo de cabras sin luces que une nuestras viviendas me dio por mirar al cielo y pensando en Ita, me dije: \u201c\u00bfQu\u00e9 estrellas se ver\u00e1n bien desde aqu\u00ed que est\u00e1 todo oscuro?\u201d. Y entonces la vi. All\u00ed estaba. El carro de la Osa Mayor. Toda emocionada le pregunto a mi novio si \u00e9l tambi\u00e9n la ve y s\u00f3lo me contesta que hace fr\u00edo y se quiere ir a casa \ud83d\ude41 Al menos, hoy Klaudio, al que le interesa la astronom\u00eda, me ha escuchado y me ha dicho que en los Alpes se puede ver la constelaci\u00f3n entera. Creo que el pr\u00f3ximo verano probar\u00e9 a tumbarme sobre la hierba y mirar al cielo durante una noche clara, cuando nos vayamos de monte ^___^<\/p>\n<p>Ayer tambi\u00e9n le dije a <a href=\"http:\/\/sentomentalia.blogspot.com\/2006\/10\/cuentacuentos.html\" target=\"_blank\">Javi<\/a> que le robar\u00eda ese \u00faltimo y maravilloso relato que ha colgado en su blog, pero despu\u00e9s de pasarme hoy y ver que ten\u00eda 14 comentarios, creo que no necesita publicidad. Me hizo gracia ayudarle a buscar cuentos infantiles. Siempre me han gustado y cada vez que leo de nuevo los cuentos de los hermanos Grimm o de Hans Christian Andersen me vuelvo nost\u00e1lgica y me gustar\u00eda volver a mi infancia\u2026 Pero sobre todo hay uno que me gusta mucho y me parece divertido: <a href=\"http:\/\/centros4.pntic.mec.es\/cra.de.san.cristobal.entrevinas\/gkiriko.htm\" target=\"_blank\">El gallo Kirico<\/a><\/p>\n<blockquote style=\"padding: 10px 0px 0px 20px; FONT-SIZE: 95%; BACKGROUND: url(http:\/\/www.lapecera.ch\/quotes.gif) no-repeat left top; PADDING-BOTTOM: 0px; MARGIN: 0px 0px 0px 30px; PADDING-TOP: 10px; FONT-family: georgia; TEXT-ALIGN: justify; \"><p>\u2014\u00a1Gusano, gusanito! \u00bfD\u00f3nde est\u00e1s que hoy no te he visto? \u2014grit\u00f3 el gallo. <br \/>Y el gusanito contestaba: <br \/>\u2014\u00a1En la barriga del gallo Kirico que va a la boda del t\u00edo Perico!<\/p><\/blockquote>\n<p>Voy a seguir con lo m\u00edo \ud83d\ude1b<\/p>\n<p>Con esto y un bizcocho\u2026 Besos<br \/>Cris<\/p>\n<p>PD: Y edito&#8230; Cambio la canci\u00f3n por algo m\u00e1s apropiado. Si la ventanita peque\u00f1a de La Gramola no se actualiza, que sep\u00e1is que est\u00e1is escuchando la versi\u00f3n original de &#8220;Llamando a la Tierra&#8221; \ud83d\ude1b<\/p>\n","protected":false},"excerpt":{"rendered":"<p>Siempre me han gustado las estrellas, pero soy demasiado vaga para preocuparme por investigar para saber qu\u00e9 es lo que veo cuando alzo los ojos hacia el cielo en una noche estrellada\u2026 La semana pasada Ita me despert\u00f3 de nuevo la curiosidad por la astronom\u00eda\u2026 xD Ayer Taty y Christian nos invitaron a su casa [&hellip;]<\/p>\n","protected":false},"author":3,"featured_media":0,"comment_status":"open","ping_status":"closed","sticky":false,"template":"","format":"standard","meta":{"footnotes":""},"categories":[],"tags":[],"class_list":["post-67","post","type-post","status-publish","format-standard","hentry"],"_links":{"self":[{"href":"https:\/\/blog.lapecera.ch\/index.php?rest_route=\/wp\/v2\/posts\/67","targetHints":{"allow":["GET"]}}],"collection":[{"href":"https:\/\/blog.lapecera.ch\/index.php?rest_route=\/wp\/v2\/posts"}],"about":[{"href":"https:\/\/blog.lapecera.ch\/index.php?rest_route=\/wp\/v2\/types\/post"}],"author":[{"embeddable":true,"href":"https:\/\/blog.lapecera.ch\/index.php?rest_route=\/wp\/v2\/users\/3"}],"replies":[{"embeddable":true,"href":"https:\/\/blog.lapecera.ch\/index.php?rest_route=%2Fwp%2Fv2%2Fcomments&post=67"}],"version-history":[{"count":0,"href":"https:\/\/blog.lapecera.ch\/index.php?rest_route=\/wp\/v2\/posts\/67\/revisions"}],"wp:attachment":[{"href":"https:\/\/blog.lapecera.ch\/index.php?rest_route=%2Fwp%2Fv2%2Fmedia&parent=67"}],"wp:term":[{"taxonomy":"category","embeddable":true,"href":"https:\/\/blog.lapecera.ch\/index.php?rest_route=%2Fwp%2Fv2%2Fcategories&post=67"},{"taxonomy":"post_tag","embeddable":true,"href":"https:\/\/blog.lapecera.ch\/index.php?rest_route=%2Fwp%2Fv2%2Ftags&post=67"}],"curies":[{"name":"wp","href":"https:\/\/api.w.org\/{rel}","templated":true}]}}