{"id":66,"date":"2006-10-26T11:11:00","date_gmt":"2006-10-26T09:11:00","guid":{"rendered":"http:\/\/lapecera.ch\/?p=66"},"modified":"2006-10-26T11:11:00","modified_gmt":"2006-10-26T09:11:00","slug":"poco-a-poquito-primeras-impresiones","status":"publish","type":"post","link":"https:\/\/blog.lapecera.ch\/?p=66","title":{"rendered":"Poco a poquito: Primeras impresiones"},"content":{"rendered":"<p>Ayer recibimos nuestros nuevos sof\u00e1s para el sal\u00f3n. La hora de llegada estaba planificada para entre las 7:30 y las 10:00 de la ma\u00f1ana. Cristina se qued\u00f3 en casa para recibir a los chicos de Ikea que acabaron llegando a las 11:30 porque no encontraban la calle \u00ac\u00ac<\/p>\n<p>Aqu\u00ed os dejo la primera foto de mi pisito: los sof\u00e1s. El viernes vamos a comprar la alfombra (o alfombras) para el sal\u00f3n. Luego faltar\u00e1 una mesa peque\u00f1a, el sideboard y el armario pa la cadena de m\u00fasica y los CD. Pero vayamos poquito a poquito. De momento, os presento al primer nuevo integrante de nuestra familia xDDD El sof\u00e1 Kramfors.<\/p>\n<div align=\"center\"><a href=\"http:\/\/www.lapecera.ch\/imagenesdelblog\/sofa.jpg\" rel=\"example3\"><span style=\"border: solid 1px #c83e22;\"><img decoding=\"async\" src=\"http:\/\/www.lapecera.ch\/imagenesdelblog\/sofakl.jpg\"><\/span><\/a><\/div>\n<p>Ayer acab\u00e9 de leer &#8220;El Refugio&#8221; de R. A. Salvatore y, aunque no me parece un gran libro, ahora mismo, despu\u00e9s de haberme tragado los spoilers sobre los libros que ven\u00edan en Wikipedia, me muero de ganas de leer sobre <strong><span style=\"font-size:12px; color: #c83e22;\">SPOILER<\/span><\/strong> <span style=\"font-size:9px\"> la relaci\u00f3n entre Drizzt y Cattie-brie<\/span> <strong><span style=\"font-size:12px; color: #c83e22;\">FIN DEL SPOILER<\/span><\/strong>. As\u00ed que, si alguien sabe en qu\u00e9 libro empieza esa parte de la historia que a m\u00ed me interesa, que me lo diga, porfaplis, que as\u00ed atajo xDDD<\/p>\n<p>El fin de semana pasado Chris y yo estuvimos en Del\u00e9mont con Sam y Herv\u00e9 en la feria de muestras de la ciudad. Lo pasamos muy bien y probamos mucho vino (bueno, yo no, yo s\u00f3lo lo huelo, parece ser que tengo una buena nariz para ello o.O). S y H acabaron ganando una ardilla gigante de <em>Ice Age<\/em> en una t\u00f3mbola, de esas de disparar al blanco. Luego H se empe\u00f1\u00f3 en que nosotros nos la llevaramos a casa, pero al final quedamos en que la pr\u00f3xima vez que ellos vinieran a Basel, se traer\u00edan la ardilla (creo que deber\u00edamos ponerle un nombre), y nosotros se la llevar\u00edamos de vuelta, cuando les visitasemos de nuevo en Del\u00e9mont xDDDDD \u00a1A ver qu\u00e9 pasa al final!<\/p>\n<p>Y esto es todo de momento&#8230; Volver\u00e9 con m\u00e1s fotos del piso y las de las vacaciones en Austria (en cuanto las pase al port\u00e1til <img decoding=\"async\" src=\"http:\/\/www.lapecera.ch\/emoticons\/51.gif\" border=\"0\" align=\"absmiddle\">).<\/p>\n<p>Con esto y un bizcocho&#8230; Besos<br \/>Cris<\/p>\n","protected":false},"excerpt":{"rendered":"<p>Ayer recibimos nuestros nuevos sof\u00e1s para el sal\u00f3n. La hora de llegada estaba planificada para entre las 7:30 y las 10:00 de la ma\u00f1ana. Cristina se qued\u00f3 en casa para recibir a los chicos de Ikea que acabaron llegando a las 11:30 porque no encontraban la calle \u00ac\u00ac Aqu\u00ed os dejo la primera foto de [&hellip;]<\/p>\n","protected":false},"author":3,"featured_media":0,"comment_status":"open","ping_status":"closed","sticky":false,"template":"","format":"standard","meta":{"footnotes":""},"categories":[],"tags":[],"class_list":["post-66","post","type-post","status-publish","format-standard","hentry"],"_links":{"self":[{"href":"https:\/\/blog.lapecera.ch\/index.php?rest_route=\/wp\/v2\/posts\/66","targetHints":{"allow":["GET"]}}],"collection":[{"href":"https:\/\/blog.lapecera.ch\/index.php?rest_route=\/wp\/v2\/posts"}],"about":[{"href":"https:\/\/blog.lapecera.ch\/index.php?rest_route=\/wp\/v2\/types\/post"}],"author":[{"embeddable":true,"href":"https:\/\/blog.lapecera.ch\/index.php?rest_route=\/wp\/v2\/users\/3"}],"replies":[{"embeddable":true,"href":"https:\/\/blog.lapecera.ch\/index.php?rest_route=%2Fwp%2Fv2%2Fcomments&post=66"}],"version-history":[{"count":0,"href":"https:\/\/blog.lapecera.ch\/index.php?rest_route=\/wp\/v2\/posts\/66\/revisions"}],"wp:attachment":[{"href":"https:\/\/blog.lapecera.ch\/index.php?rest_route=%2Fwp%2Fv2%2Fmedia&parent=66"}],"wp:term":[{"taxonomy":"category","embeddable":true,"href":"https:\/\/blog.lapecera.ch\/index.php?rest_route=%2Fwp%2Fv2%2Fcategories&post=66"},{"taxonomy":"post_tag","embeddable":true,"href":"https:\/\/blog.lapecera.ch\/index.php?rest_route=%2Fwp%2Fv2%2Ftags&post=66"}],"curies":[{"name":"wp","href":"https:\/\/api.w.org\/{rel}","templated":true}]}}