{"id":658,"date":"2010-04-20T22:42:07","date_gmt":"2010-04-20T20:42:07","guid":{"rendered":"http:\/\/lapecera.ch\/?p=658"},"modified":"2010-04-20T22:42:07","modified_gmt":"2010-04-20T20:42:07","slug":"pro-innerstadt","status":"publish","type":"post","link":"https:\/\/blog.lapecera.ch\/?p=658","title":{"rendered":"pro-Innerstadt"},"content":{"rendered":"<p>El lunes era <em>Sechsenl\u00e4uten <\/em>en Z\u00fcrich, lo cual equivale para m\u00ed a medio d\u00eda libre. Como la campa\u00f1a de testing ya se ha terminado y s\u00f3lo me quedan los informes, el lunes a las 12 y media desaparec\u00ed y me teletransport\u00e9 durante una hora y media en tren a Basel a ver a las ni\u00f1as xDD Silvia no pudo quedar, pero Taty se pas\u00f3, al menos, para tomarse algo antes de ir a los entrenamientos y luego me qued\u00e9 toda la tarde con Mercedes, antes de que se fuera a Sevilla (que, por cierto, con volc\u00e1n y todo han llegado) y de paso felicitarla por el cumplea\u00f1os ^____^<\/p>\n<p><a href=\"http:\/\/lapecera.ch\/wp-content\/uploads\/2010\/04\/IMG_1533.jpg\" rel=\"example3\" title=\"El 23 de abril no estar\u00e9 aqu\u00ed para regalarme a m\u00ed misma un libro por el D\u00eda del Libro...\"><img loading=\"lazy\" decoding=\"async\" src=\"http:\/\/lapecera.ch\/wp-content\/uploads\/2010\/04\/IMG_1533-300x200.jpg\" alt=\"\" width=\"300\" height=\"200\" class=\"alignright size-medium wp-image-659\" srcset=\"https:\/\/blog.lapecera.ch\/wp-content\/uploads\/2010\/04\/IMG_1533-300x200.jpg 300w, https:\/\/blog.lapecera.ch\/wp-content\/uploads\/2010\/04\/IMG_1533-768x512.jpg 768w, https:\/\/blog.lapecera.ch\/wp-content\/uploads\/2010\/04\/IMG_1533-1024x683.jpg 1024w\" sizes=\"auto, (max-width: 300px) 100vw, 300px\" \/><\/a>Despu\u00e9s de estar casi toda la tarde charlando al sol tomandonos algo al lado del Rin, ella se fue a casa a hacer la maleta y yo me qued\u00e9 un poquito m\u00e1s en Basel para comprarme mi regalo de cumplea\u00f1os. Ten\u00eda en casa <em>Gutscheine<\/em> para Basilea (regalo de Taty :)), que se pueden usar en casi cualquier tienda de la ciudad y esta vez me acord\u00e9 de llev\u00e1rmelos \ud83d\ude42 Como tampoco es que tuviera mucho tiempo, intent\u00e9 encontrar unas gafas de sol que no me hicieran da\u00f1o sobre las orejas, pero no me gustaba ninguna (\u00a1ay, mis Adidas queridas solas por el mundo! v.v), as\u00ed que acab\u00e9, \u00bfc\u00f3mo no?, en Thalia comprando libros xDD y un bolso de Basel, que ya le ten\u00eda ganas *____*<\/p>\n<p>Hoy me he quedado en casa con dolor de garganta y las narices taponadas con la esperanza de que no vaya a m\u00e1s y no se me joda el fin de semana en Roma (si no me lo joden los de Easyjet, claro) y me he pasado todo el d\u00eda vagueando de vez en cuando, pero sobre todo, trabajando en los informes del proyecto&#8230; Me ha dado tiempo hasta de tomar el sol en la terraza&#8230; aunque cinco minutos despu\u00e9s estaba lloviendo a cantaros, pero los 29\u00b0 de la terraza durante 10 minutos no me los quita nadie xDD Ma\u00f1ana me toca acabar con todo, que el jueves y el viernes tengo el d\u00eda libre y tienen que estar acabados antes del lunes. En fin&#8230; ya os contar\u00e9 u os enterar\u00e9is, si el jueves viaj\u00e9 o dorm\u00ed xDD<\/p>\n<p>Me voy a ver el nuevo cap\u00edtulo de &#8220;How I met your mother&#8221; *__*<\/p>\n<p>Con esto y un bizcocho&#8230; Besos<br \/>\nCris<\/p>\n<p>PS: Basta que yo publique esto para que ellos decidan sacar la revista, al fin xDD N\u00famero 15 de <a href=\"http:\/\/www.eltemplodelasmilpuertas.com\/?templo=templo15\" target=\"_blank\">El Templo de las Mil Puertas<\/a> disponible. Mis <em>beta-readers <\/em>favoritas que echen un ojo a la p\u00e1gina 37 \ud83d\ude09<\/p>\n","protected":false},"excerpt":{"rendered":"<p>El lunes era Sechsenl\u00e4uten en Z\u00fcrich, lo cual equivale para m\u00ed a medio d\u00eda libre. Como la campa\u00f1a de testing ya se ha terminado y s\u00f3lo me quedan los informes, el lunes a las 12 y media desaparec\u00ed y me teletransport\u00e9 durante una hora y media en tren a Basel a ver a las ni\u00f1as [&hellip;]<\/p>\n","protected":false},"author":3,"featured_media":0,"comment_status":"open","ping_status":"closed","sticky":false,"template":"","format":"standard","meta":{"footnotes":""},"categories":[],"tags":[],"class_list":["post-658","post","type-post","status-publish","format-standard","hentry"],"_links":{"self":[{"href":"https:\/\/blog.lapecera.ch\/index.php?rest_route=\/wp\/v2\/posts\/658","targetHints":{"allow":["GET"]}}],"collection":[{"href":"https:\/\/blog.lapecera.ch\/index.php?rest_route=\/wp\/v2\/posts"}],"about":[{"href":"https:\/\/blog.lapecera.ch\/index.php?rest_route=\/wp\/v2\/types\/post"}],"author":[{"embeddable":true,"href":"https:\/\/blog.lapecera.ch\/index.php?rest_route=\/wp\/v2\/users\/3"}],"replies":[{"embeddable":true,"href":"https:\/\/blog.lapecera.ch\/index.php?rest_route=%2Fwp%2Fv2%2Fcomments&post=658"}],"version-history":[{"count":0,"href":"https:\/\/blog.lapecera.ch\/index.php?rest_route=\/wp\/v2\/posts\/658\/revisions"}],"wp:attachment":[{"href":"https:\/\/blog.lapecera.ch\/index.php?rest_route=%2Fwp%2Fv2%2Fmedia&parent=658"}],"wp:term":[{"taxonomy":"category","embeddable":true,"href":"https:\/\/blog.lapecera.ch\/index.php?rest_route=%2Fwp%2Fv2%2Fcategories&post=658"},{"taxonomy":"post_tag","embeddable":true,"href":"https:\/\/blog.lapecera.ch\/index.php?rest_route=%2Fwp%2Fv2%2Ftags&post=658"}],"curies":[{"name":"wp","href":"https:\/\/api.w.org\/{rel}","templated":true}]}}