{"id":65,"date":"2006-10-19T17:02:00","date_gmt":"2006-10-19T15:02:00","guid":{"rendered":"http:\/\/lapecera.ch\/?p=65"},"modified":"2006-10-19T17:02:00","modified_gmt":"2006-10-19T15:02:00","slug":"de-paso-por-argel","status":"publish","type":"post","link":"https:\/\/blog.lapecera.ch\/?p=65","title":{"rendered":"De paso por Argel"},"content":{"rendered":"<div align=\"center\"><a href=\"http:\/\/www.lapecera.ch\/Argelvistas907.jpg\" target=\"_blank\"><img decoding=\"async\" src=\"http:\/\/www.lapecera.ch\/Argelvistaskl.jpg\" border=\"0\"><\/a><\/div>\n<p>\u00bfNo es preciosa? La hizo mi amigo Ra\u00fal durante su estancia en Argel este verano. Si os interesa leer sus impresiones sobre el pa\u00eds y sus habitantes y ver m\u00e1s fotos bonitas: <a href=\"http:\/\/depasoporargel.blogspot.com\" target=\"_blank\">De paso por Argel<\/a>.<\/p>\n<p>Con esto y un bizcocho&#8230; Besos<br \/>Cris<\/p>\n<p><span style=\"font-size: 75%;\">PS: Hoy he aprendido a usar el internet explorer para el FTP. \u00a1Adios, al cuteFTP y al smartFTP! \u00a1Muaajajajaja! *sonrisa diab\u00f3lica de la comadreja ense\u00f1ando los dientes*<\/span><\/p>\n","protected":false},"excerpt":{"rendered":"<p>\u00bfNo es preciosa? La hizo mi amigo Ra\u00fal durante su estancia en Argel este verano. Si os interesa leer sus impresiones sobre el pa\u00eds y sus habitantes y ver m\u00e1s fotos bonitas: De paso por Argel. Con esto y un bizcocho&#8230; BesosCris PS: Hoy he aprendido a usar el internet explorer para el FTP. \u00a1Adios, [&hellip;]<\/p>\n","protected":false},"author":3,"featured_media":0,"comment_status":"open","ping_status":"closed","sticky":false,"template":"","format":"standard","meta":{"footnotes":""},"categories":[],"tags":[],"class_list":["post-65","post","type-post","status-publish","format-standard","hentry"],"_links":{"self":[{"href":"https:\/\/blog.lapecera.ch\/index.php?rest_route=\/wp\/v2\/posts\/65","targetHints":{"allow":["GET"]}}],"collection":[{"href":"https:\/\/blog.lapecera.ch\/index.php?rest_route=\/wp\/v2\/posts"}],"about":[{"href":"https:\/\/blog.lapecera.ch\/index.php?rest_route=\/wp\/v2\/types\/post"}],"author":[{"embeddable":true,"href":"https:\/\/blog.lapecera.ch\/index.php?rest_route=\/wp\/v2\/users\/3"}],"replies":[{"embeddable":true,"href":"https:\/\/blog.lapecera.ch\/index.php?rest_route=%2Fwp%2Fv2%2Fcomments&post=65"}],"version-history":[{"count":0,"href":"https:\/\/blog.lapecera.ch\/index.php?rest_route=\/wp\/v2\/posts\/65\/revisions"}],"wp:attachment":[{"href":"https:\/\/blog.lapecera.ch\/index.php?rest_route=%2Fwp%2Fv2%2Fmedia&parent=65"}],"wp:term":[{"taxonomy":"category","embeddable":true,"href":"https:\/\/blog.lapecera.ch\/index.php?rest_route=%2Fwp%2Fv2%2Fcategories&post=65"},{"taxonomy":"post_tag","embeddable":true,"href":"https:\/\/blog.lapecera.ch\/index.php?rest_route=%2Fwp%2Fv2%2Ftags&post=65"}],"curies":[{"name":"wp","href":"https:\/\/api.w.org\/{rel}","templated":true}]}}