{"id":648,"date":"2010-04-18T18:45:02","date_gmt":"2010-04-18T16:45:02","guid":{"rendered":"http:\/\/lapecera.ch\/?p=648"},"modified":"2010-04-18T18:45:02","modified_gmt":"2010-04-18T16:45:02","slug":"una-de-pinguinos-embarrados","status":"publish","type":"post","link":"https:\/\/blog.lapecera.ch\/?p=648","title":{"rendered":"Una de ping\u00fcinos embarrados"},"content":{"rendered":"<p>Antes de irme a hacer la cena, os dejo dos cosas: <\/p>\n<p>Una, el <em>preview<\/em> del regalo de Reyes de Elena, que no llegue a terminar a tiempo, pero como hoy torci\u00f3 bien, lo acabe, o eso intente. A tener en cuenta que la <a href=\"http:\/\/lapecera.ch\/wp-content\/uploads\/2010\/04\/pinguinos.jpg\" rel=\"example3\">foto original<\/a> los ping\u00fcinos est\u00e1n limpios y a mi me han salido todos guarros xDD<\/p>\n<p><img loading=\"lazy\" decoding=\"async\" src=\"http:\/\/lapecera.ch\/wp-content\/uploads\/2010\/04\/penguins_l-235x300.jpg\" alt=\"\" title=\"penguins_l\" width=\"235\" height=\"300\" class=\"alignnone size-medium wp-image-649\" \/><\/p>\n<p>La otra es mi jard\u00edn. Ayer fuimos a comprar tierra y plantas y hoy me he dedicado a exterminar a la menta para poder plantar lo nuevo. Nunca, nunca plant\u00e9is menta en el mismo sitio que otras plantas que quer\u00e1is que crezcan. La menta las ahogara a todas y se reproducir\u00e1 como una mala hierba, una que huele muy bien, pero mala hierba al fin y al cabo v.v<\/p>\n<p><img loading=\"lazy\" decoding=\"async\" src=\"http:\/\/lapecera.ch\/wp-content\/uploads\/2010\/04\/IMG_1528-300x200.jpg\" alt=\"\" title=\"IMG_1528\" width=\"300\" height=\"200\" class=\"alignnone size-medium wp-image-650\" srcset=\"https:\/\/blog.lapecera.ch\/wp-content\/uploads\/2010\/04\/IMG_1528-300x200.jpg 300w, https:\/\/blog.lapecera.ch\/wp-content\/uploads\/2010\/04\/IMG_1528-768x512.jpg 768w, https:\/\/blog.lapecera.ch\/wp-content\/uploads\/2010\/04\/IMG_1528-1024x683.jpg 1024w\" sizes=\"auto, (max-width: 300px) 100vw, 300px\" \/><\/p>\n<p>He plantado distintos tipos de albahaca, pimpinela y manzanilla, aparte del tomillo y la monarda que sobrevivieron el invierno, y las fresas, que me compr\u00e9 ayer. A ver qu\u00e9 sale de esto&#8230; <\/p>\n<p>Por lo dem\u00e1s ninguna novedad. Christoph est\u00e1 todo preocupado porque la ceniza nos impida volar el jueves a Roma, pero yo ya me he hecho a la idea. Si no me voy a Roma, me tomar\u00e9 los d\u00edas de vacaciones de todas formas y me dedicar\u00e9 a dormir y vaguear, que bien me lo merezco, \u00a1ja!<\/p>\n<p>Y ahora os dejo, voy a hacer la cena&#8230;<\/p>\n<p>Con esto y un bizcocho&#8230; Besos<br \/>\nCris<\/p>\n","protected":false},"excerpt":{"rendered":"<p>Antes de irme a hacer la cena, os dejo dos cosas: Una, el preview del regalo de Reyes de Elena, que no llegue a terminar a tiempo, pero como hoy torci\u00f3 bien, lo acabe, o eso intente. A tener en cuenta que la foto original los ping\u00fcinos est\u00e1n limpios y a mi me han salido [&hellip;]<\/p>\n","protected":false},"author":3,"featured_media":0,"comment_status":"open","ping_status":"closed","sticky":false,"template":"","format":"standard","meta":{"footnotes":""},"categories":[],"tags":[],"class_list":["post-648","post","type-post","status-publish","format-standard","hentry"],"_links":{"self":[{"href":"https:\/\/blog.lapecera.ch\/index.php?rest_route=\/wp\/v2\/posts\/648","targetHints":{"allow":["GET"]}}],"collection":[{"href":"https:\/\/blog.lapecera.ch\/index.php?rest_route=\/wp\/v2\/posts"}],"about":[{"href":"https:\/\/blog.lapecera.ch\/index.php?rest_route=\/wp\/v2\/types\/post"}],"author":[{"embeddable":true,"href":"https:\/\/blog.lapecera.ch\/index.php?rest_route=\/wp\/v2\/users\/3"}],"replies":[{"embeddable":true,"href":"https:\/\/blog.lapecera.ch\/index.php?rest_route=%2Fwp%2Fv2%2Fcomments&post=648"}],"version-history":[{"count":0,"href":"https:\/\/blog.lapecera.ch\/index.php?rest_route=\/wp\/v2\/posts\/648\/revisions"}],"wp:attachment":[{"href":"https:\/\/blog.lapecera.ch\/index.php?rest_route=%2Fwp%2Fv2%2Fmedia&parent=648"}],"wp:term":[{"taxonomy":"category","embeddable":true,"href":"https:\/\/blog.lapecera.ch\/index.php?rest_route=%2Fwp%2Fv2%2Fcategories&post=648"},{"taxonomy":"post_tag","embeddable":true,"href":"https:\/\/blog.lapecera.ch\/index.php?rest_route=%2Fwp%2Fv2%2Ftags&post=648"}],"curies":[{"name":"wp","href":"https:\/\/api.w.org\/{rel}","templated":true}]}}