{"id":635,"date":"2010-04-16T15:50:26","date_gmt":"2010-04-16T13:50:26","guid":{"rendered":"http:\/\/lapecera.ch\/?p=635"},"modified":"2010-04-16T15:50:26","modified_gmt":"2010-04-16T13:50:26","slug":"es-lebe-die-post-und-karmic-koala","status":"publish","type":"post","link":"https:\/\/blog.lapecera.ch\/?p=635","title":{"rendered":"Es lebe die Post und Karmic Koala"},"content":{"rendered":"<p>El mi\u00e9rcoles la se\u00f1ora Engel deber\u00eda haber recibido el DVD que me pidi\u00f3 a trav\u00e9s de <a href=\"http:\/\/www.exsila.ch\">exsila.ch<\/a>, pero alguien en Correos confundi\u00f3 el remitente con el destinatario y la que recibi\u00f3 la pel\u00edcula fui yo de vuelta. Las etiquetas pod\u00edan dar lugar a dudar porque ambas vivimos en Olten, pero, \u00a1se\u00f1ores!, el remitente estaba en la parte de atr\u00e1s. Normalmente el destinatario es el que va debajo del sello fO.o Hoy la de Correos se re\u00eda. En fin&#8230;<\/p>\n<p><a href=\"http:\/\/lapecera.ch\/wp-content\/uploads\/2010\/04\/PaP.jpg\" rel=\"example3\"><img loading=\"lazy\" decoding=\"async\" src=\"http:\/\/lapecera.ch\/wp-content\/uploads\/2010\/04\/PaP-300x198.jpg\" alt=\"\" title=\"Lizzy y Darcy\" width=\"300\" height=\"198\" class=\"alignleft size-medium wp-image-639\" \/><\/a>Aparte anteayer consegu\u00ed despu\u00e9s de varios intentos fallidos revivir a mi partici\u00f3n de Ubuntu 9.10, tambi\u00e9n conocido como <em>Karmic Koala<\/em>, \u00a1yipiiii! Esto significa que puedo volver a usar mi ordenador al 100% que hasta ahora s\u00f3lo pod\u00eda utilizar Windows y encima la partici\u00f3n se me estaba quedando peque\u00f1a de instalar programas que normalmente uso en Ubuntu&#8230; \u00a1Fiuuu! A ver cuanto me dura. Despu\u00e9s de mes y pico intentandolo (en mis ratos mas ociosos que fueron mas bien escasos), ya le tengo el truco pillado a esto de buscar soluciones para Ubuntu en Internet. El mayor inconveniente es que si Ubuntu no funciona, tengo que entrar en Windows, buscar la informaci\u00f3n, apuntarmela en un papel y reiniciar el ordenador para probar la soluci\u00f3n en Linux. \u00bfOs imagin\u00e1is que pasa si no funciona y me quedo sin ideas? Es un constante de <em>login <\/em>aqu\u00ed, <em>login <\/em>all\u00e1 v.v Supongo que por eso perd\u00ed la paciencia tantas veces xD<\/p>\n<p>El mi\u00e9rcoles, tambi\u00e9n, mientras esperaba a que volviese Christoph (aunque al final me fui a la cama antes de que llegase) y a que acabasen las lavadoras, y ya que de paso planchaba, me vi &#8220;She&#8217;s all that&#8221;, que me sigue pareciendo bastante mala, pero lo paso pipa vi\u00e9ndola, y &#8220;Pride and Prejudice&#8221;, por en\u00e9sima vez. Por eso, ayer en vez de seguir leyendo &#8220;La mano izquierda de la oscuridad&#8221; de Ursula K. Le Guin, decid\u00ed cambiar de tercio y empezar con &#8220;Fitzwilliam Darcy, gentleman. An assembly such as this&#8221; de Pamela Aidan, el primer libro de una trilog\u00eda que cuenta la historia de &#8220;Pride and Prejudice&#8221; desde el punto de vista de Mr. Darcy *_____* De momento, me encanta&#8230;<\/p>\n<p>Durante esta semana Chris y yo, mejor dicho, yo sola, porque Christoph se duerme (no s\u00e9 c\u00f3mo lo hace), me he puesto al d\u00eda de &#8220;FlashForward&#8221; con un poco de l\u00edo con la nomenclatura de los cap\u00edtulos que si el 14 es el 13 y el 15, el 14 y&#8230; y&#8230; El caso es que nos saltamos el 13, pero no fue culpa m\u00eda, pero es que el 15 me dej\u00f3 O___O Tuve un <em>dejav\u00fa <\/em>raro de la primera temporada de &#8220;24&#8221; y me he quedado con la pregunta existencial colgada de la lengua de &#8220;\u00bfPara qu\u00e9 le\u00f1e sirven los <em>flashforwards<\/em> que tantas ganas tienen de crear otro?&#8221;. Hasta que no me contesten a esa pregunta, la serie no volver\u00e1 a tener sentido. De momento, por la intriga que han creado, se lo paso y me mola, pero como se les vaya la cosa un poquito de las manos, la va a seguir su abuela&#8230; porque yo ya tengo m\u00e1s series para ver \ud83d\ude1b<\/p>\n<p>Y nada, os voy dejando. Este fin de semana nos vamos a comprar tierra y plantitas que ya es primavera y hay que renovar el &#8220;jard\u00edn&#8221; xDDD<\/p>\n<p>\u00a1Que pas\u00e9is un buen fin de semana!<\/p>\n<p>Con esto y un bizcocho&#8230; Besos<br \/>\nCris<\/p>\n","protected":false},"excerpt":{"rendered":"<p>El mi\u00e9rcoles la se\u00f1ora Engel deber\u00eda haber recibido el DVD que me pidi\u00f3 a trav\u00e9s de exsila.ch, pero alguien en Correos confundi\u00f3 el remitente con el destinatario y la que recibi\u00f3 la pel\u00edcula fui yo de vuelta. Las etiquetas pod\u00edan dar lugar a dudar porque ambas vivimos en Olten, pero, \u00a1se\u00f1ores!, el remitente estaba en [&hellip;]<\/p>\n","protected":false},"author":3,"featured_media":0,"comment_status":"open","ping_status":"closed","sticky":false,"template":"","format":"standard","meta":{"footnotes":""},"categories":[],"tags":[],"class_list":["post-635","post","type-post","status-publish","format-standard","hentry"],"_links":{"self":[{"href":"https:\/\/blog.lapecera.ch\/index.php?rest_route=\/wp\/v2\/posts\/635","targetHints":{"allow":["GET"]}}],"collection":[{"href":"https:\/\/blog.lapecera.ch\/index.php?rest_route=\/wp\/v2\/posts"}],"about":[{"href":"https:\/\/blog.lapecera.ch\/index.php?rest_route=\/wp\/v2\/types\/post"}],"author":[{"embeddable":true,"href":"https:\/\/blog.lapecera.ch\/index.php?rest_route=\/wp\/v2\/users\/3"}],"replies":[{"embeddable":true,"href":"https:\/\/blog.lapecera.ch\/index.php?rest_route=%2Fwp%2Fv2%2Fcomments&post=635"}],"version-history":[{"count":0,"href":"https:\/\/blog.lapecera.ch\/index.php?rest_route=\/wp\/v2\/posts\/635\/revisions"}],"wp:attachment":[{"href":"https:\/\/blog.lapecera.ch\/index.php?rest_route=%2Fwp%2Fv2%2Fmedia&parent=635"}],"wp:term":[{"taxonomy":"category","embeddable":true,"href":"https:\/\/blog.lapecera.ch\/index.php?rest_route=%2Fwp%2Fv2%2Fcategories&post=635"},{"taxonomy":"post_tag","embeddable":true,"href":"https:\/\/blog.lapecera.ch\/index.php?rest_route=%2Fwp%2Fv2%2Ftags&post=635"}],"curies":[{"name":"wp","href":"https:\/\/api.w.org\/{rel}","templated":true}]}}