{"id":63,"date":"2006-10-06T10:47:00","date_gmt":"2006-10-06T08:47:00","guid":{"rendered":"http:\/\/lapecera.ch\/?p=63"},"modified":"2006-10-06T10:47:00","modified_gmt":"2006-10-06T08:47:00","slug":"novedades-desde-la-tierra-prometida","status":"publish","type":"post","link":"https:\/\/blog.lapecera.ch\/?p=63","title":{"rendered":"Novedades desde la tierra prometida"},"content":{"rendered":"<p>Buenas, amiguit@s m\u00ed@s <\/p>\n<p>Siento no haberme pasado en las \u00faltimas semanas por aqu\u00ed, espero que al menos me hayais echao de menos&#8230; La mudanza me ha consumido gran parte del tiempo libre que ten\u00eda (y el resto se lo comieron &#8220;Las chicas Gilmore&#8221;, no puede una engancharse a una serie \u00ac\u00ac).<\/p>\n<p>Os cuento los \u00faltimos acontecimientos:<\/p>\n<p>\u2013 el d\u00eda 21 fui a buscar las llaves del piso. Hab\u00eda quedado con el de la inmobiliaria a eso de las 4:45, llegu\u00e9 puntual, pero \u00a1ah!, \u00e9l hab\u00eda tra\u00eddo las llaves del piso de al lado. Casi me muero de risa. Mientras \u00e9l bajaba en coche a buscarlas a la oficina (xDDD) yo me dediqu\u00e9 a cotillear en las casa de los que ya viv\u00edan all\u00ed a ver si me daban alguna idea pa mi casa xDD Al final me dio la llave correcta de la puerta, pero no la de la lavadora (s\u00ed, tenemos una llave para la lavadora, as\u00ed la electricidad corre a trav\u00e9s de nuestro contador), pero na, eso se solucion\u00f3 rapidamente el lunes por la ma\u00f1ana \ud83d\ude09<\/p>\n<p>\u2013 la primera parte de la mudanza, el s\u00e1bado 23, transcurri\u00f3 sin sobresaltos. El domingo Christoph y yo subimos al desv\u00e1n a limpiar el armario que hab\u00eda all\u00e1 arriba abandonado por su anterior propietaria y casi morimos con tanto polvo, cof, cof, cof >.<\n\n\u2013 la mudanza propiamente dicha, el 30, tambi\u00e9n transcurri\u00f3 sin sobresaltos. Los del cami\u00f3n de la mudanza se perdieron y en vez de llegar a las 7, llegaron media hora m\u00e1s tarde y encima tuvieron que esperar a aparcar el cami\u00f3n porque un g********* hab\u00eda dejado el coche aparcado en el vado que hab\u00edamos reservado nosotros para ese d\u00eda \u00ac\u00ac Eso s\u00ed, los de la mudanza se tomaron las cosas con MUUUUCCCHHHAAAA calma, porque con la ayuda de cinco t\u00edos no fueron capaces de hacerlo todo en las 5 horas presupuestadas, sino que necesitaron 6, as\u00ed que la mudanza nos ha salido pel\u00edn cara (y encima hay que pagarles la pausa de las 11 y media pa tomar el caf\u00e9 a los se\u00f1ores, no te jode \u00ac\u00ac). En la nueva casa entre Christin, Taty y yo colocamos las cosas de la cocina para ir haciendo sitio, mientras los chicos montaban los muebles. A la hora de comer nos fuimos todos a un puesto de Kebaps y dem\u00e1s que hay cerca del piso xDD Despu\u00e9s se fueron todos menos Taty que se qued\u00f3 a ayudarnos con lo que faltaba por recoger. Evidentemente no acabamos de recoger&#8230; Ni de cerca \u00ac\u00ac\n\n\u2013 el domingo vinieron los padres de Christoph a ayudarnos a limpiar en el otro piso. Por la ma\u00f1ana antes de ir hicimos brunch y Margrit nos estuvo ense\u00f1ando como funciona el lavavajillas (^_^). Por la tarde, despues de que los padres de Chris se marcharan, estuvimos reorganizando el trastero y tirando cosas que no necesit\u00e1bamos. \n\n\u2013 el lunes vino Sam a visitarnos y a ayudarnos. Nos regal\u00f3 una orqu\u00eddea para el nuevo piso, que quedar\u00e1 mon\u00edsima con los nuevos sof\u00e1s cuando nos los traigan de Ikea a final de mes xDDDD\n\nY eso es todo m\u00e1s o menos, la casa sigue patas arriba, pero al menos nuestra habitaci\u00f3n est\u00e1 ordenada y la cocina tiene luz (y ya sabemos como funciona el lavavajillas). Adem\u00e1s, hemos instalado nuestros sillones de ver la &#8220;tele&#8221; y nuestra &#8220;tele&#8221; (lease ordenador) en el sal\u00f3n y asi podemos disfrutar de un poco de descanso viendo &#8220;Las chicas Gilmore&#8221; cuando llegamos por la noche cansados a casa xDDD\n\nLas fotos las har\u00e9 y colgar\u00e9, cuando la casa est\u00e9 en orden y medianamente presentable. Hasta entonces os dejo como dato que el techo del sal\u00f3n est\u00e1 a m\u00e1s de tres metros y hemos tenido que comprarnos una escalera que tranquilamente se podr\u00eda llevar un pintor a la obra pa trabajar xDDD No quiero imaginarme lo que voy a echar en limpiar los pedazoventanales que tengo :P\n\nCon esto y un bizcocho&#8230; Se os quiere, un beso<br \/>Cris<\/p>\n<p>PS: La casa tiene eco >.<\n<\/p>\n","protected":false},"excerpt":{"rendered":"<p>Buenas, amiguit@s m\u00ed@s Siento no haberme pasado en las \u00faltimas semanas por aqu\u00ed, espero que al menos me hayais echao de menos&#8230; La mudanza me ha consumido gran parte del tiempo libre que ten\u00eda (y el resto se lo comieron &#8220;Las chicas Gilmore&#8221;, no puede una engancharse a una serie \u00ac\u00ac). Os cuento los \u00faltimos [&hellip;]<\/p>\n","protected":false},"author":3,"featured_media":0,"comment_status":"open","ping_status":"closed","sticky":false,"template":"","format":"standard","meta":{"footnotes":""},"categories":[],"tags":[],"class_list":["post-63","post","type-post","status-publish","format-standard","hentry"],"_links":{"self":[{"href":"https:\/\/blog.lapecera.ch\/index.php?rest_route=\/wp\/v2\/posts\/63","targetHints":{"allow":["GET"]}}],"collection":[{"href":"https:\/\/blog.lapecera.ch\/index.php?rest_route=\/wp\/v2\/posts"}],"about":[{"href":"https:\/\/blog.lapecera.ch\/index.php?rest_route=\/wp\/v2\/types\/post"}],"author":[{"embeddable":true,"href":"https:\/\/blog.lapecera.ch\/index.php?rest_route=\/wp\/v2\/users\/3"}],"replies":[{"embeddable":true,"href":"https:\/\/blog.lapecera.ch\/index.php?rest_route=%2Fwp%2Fv2%2Fcomments&post=63"}],"version-history":[{"count":0,"href":"https:\/\/blog.lapecera.ch\/index.php?rest_route=\/wp\/v2\/posts\/63\/revisions"}],"wp:attachment":[{"href":"https:\/\/blog.lapecera.ch\/index.php?rest_route=%2Fwp%2Fv2%2Fmedia&parent=63"}],"wp:term":[{"taxonomy":"category","embeddable":true,"href":"https:\/\/blog.lapecera.ch\/index.php?rest_route=%2Fwp%2Fv2%2Fcategories&post=63"},{"taxonomy":"post_tag","embeddable":true,"href":"https:\/\/blog.lapecera.ch\/index.php?rest_route=%2Fwp%2Fv2%2Ftags&post=63"}],"curies":[{"name":"wp","href":"https:\/\/api.w.org\/{rel}","templated":true}]}}