{"id":629,"date":"2010-04-13T18:01:22","date_gmt":"2010-04-13T16:01:22","guid":{"rendered":"http:\/\/lapecera.ch\/?p=629"},"modified":"2010-04-13T18:01:22","modified_gmt":"2010-04-13T16:01:22","slug":"solo-puede-quedar-uno","status":"publish","type":"post","link":"https:\/\/blog.lapecera.ch\/?p=629","title":{"rendered":"S\u00f3lo puede quedar uno"},"content":{"rendered":"<p>La \u00faltima vez que vi &#8220;Los inmortales&#8221; fue en el 80 y bastante con poco m\u00e1s de 12 a\u00f1os. Ni siquiera volv\u00ed a verla las inumerables veces que la habr\u00e1n echado en la tele. En aquella \u00e9poca no ten\u00eda ni idea de que hab\u00eda un grupo que se llamaba Queen, ni que su cantante se llamase Freddie Mercury. De hecho la primera vez que o\u00ed hablar de este hombre fue cuando la canci\u00f3n de &#8220;Barcelona&#8221; con Montserrat Caball\u00e9 empez\u00f3 a sonar por todas partes. \u00bfQu\u00e9 quer\u00e9is? Soy una inculta musicalmente hablando. Crec\u00ed con Roc\u00edo D\u00farcal, Juan Pardo y los Brincos, el Duo Din\u00e1mico, F\u00f3rmula V y toda esta panda. Nada de Queen, The Beatles o The Rolling Stones (aunque tampoco los eche de menos), al menos, no conscientemente. La primera vez que fui capaz de relacionar a Queen con sus canciones y su cantante fue no har\u00e1 mucho y gracias a OT, indirectamente. Ademas, Christoph tiene varios discos de Queen entre ellos uno de grandes \u00e9xitos. Cuando lo puse, fue un &#8220;Aaaaaaahhhh!!!&#8221; de descubrimiento bestial. Por eso, cuando este fin de semana volv\u00ed a ver &#8220;Los inmortales&#8221; (en ingl\u00e9s, a Christopher Lambert no se le nota nada que es franc\u00e9s O__O) despu\u00e9s de a\u00f1os, ca\u00ed en la cuenta de sopet\u00f3n y sin anestesia de que TODA la m\u00fasica de la pel\u00edcula est\u00e1 compuesta e interpretada por &#8220;Queen&#8221;. <\/p>\n<blockquote><p>Here we are, born to be kings<br \/>\nWe&#8217;re the princes of the universe<br \/>\nHere we belong, fighting to survive<br \/>\nIn a world with the darkest powers<\/p><\/blockquote>\n<p>La verdad es que ten\u00eda mejor recuerdo de la pel\u00edcula de lo que me encontr\u00e9 en realidad, pero sigue siendo un cl\u00e1sico del cine fant\u00e1stico de los 80 y mola rememorar viejos tiempos. Ahora me faltan las pelis de Conan, &#8220;The Breakfast club&#8221; y &#8220;Pretty in Pink&#8221; y unas cuantas m\u00e1s xDDD Tendr\u00e9 que hacer una lista \ud83d\ude1b<\/p>\n<p>Este fin de semana, adem\u00e1s, he estado en Ikea y en Basel gast\u00e1ndome los cuartos mientras Christoph trabajaba en casa en su superimportante <em>workshop <\/em>de esta semana. Aunque al final volv\u00ed a casa solo con la mitad de lo que quer\u00eda comprar, no estuvo mal del todo&#8230;  El fin de semana que viene toca jardiner\u00eda, que ya es primavera y es hora de empezar a plantar plantitas o a rescatar a las que han sobrevivido el invierno *____* <\/p>\n<p>Y antes de irme de compras por la <em>city<\/em>, o lo que es lo mismo, antes de ir a comprarme libros en Orell F\u00fcssli, os cuento una novedad: Lola ha vuelto. Lleva dos d\u00edas revoloteando en mi cabeza cont\u00e1ndome c\u00f3mo se siente y detalles de su nuevo <em>look<\/em>. Estoy super ilusionada&#8230; Espero que no se vuelva a ir tan pronto como la \u00faltima vez. Por mi parte tengo el cazamariposas preparado \ud83d\ude09 Os mantendr\u00e9 informados ^___^<\/p>\n<p>Yo quer\u00eda contar algo m\u00e1s, pero se me ha olvidado, as\u00ed que no deb\u00eda de ser especialmente importante. Os dejo ya&#8230; <\/p>\n<p>Con esto y un bizcocho&#8230; Besos<br \/>\nCris<\/p>\n","protected":false},"excerpt":{"rendered":"<p>La \u00faltima vez que vi &#8220;Los inmortales&#8221; fue en el 80 y bastante con poco m\u00e1s de 12 a\u00f1os. Ni siquiera volv\u00ed a verla las inumerables veces que la habr\u00e1n echado en la tele. En aquella \u00e9poca no ten\u00eda ni idea de que hab\u00eda un grupo que se llamaba Queen, ni que su cantante se [&hellip;]<\/p>\n","protected":false},"author":3,"featured_media":0,"comment_status":"open","ping_status":"closed","sticky":false,"template":"","format":"standard","meta":{"footnotes":""},"categories":[],"tags":[],"class_list":["post-629","post","type-post","status-publish","format-standard","hentry"],"_links":{"self":[{"href":"https:\/\/blog.lapecera.ch\/index.php?rest_route=\/wp\/v2\/posts\/629","targetHints":{"allow":["GET"]}}],"collection":[{"href":"https:\/\/blog.lapecera.ch\/index.php?rest_route=\/wp\/v2\/posts"}],"about":[{"href":"https:\/\/blog.lapecera.ch\/index.php?rest_route=\/wp\/v2\/types\/post"}],"author":[{"embeddable":true,"href":"https:\/\/blog.lapecera.ch\/index.php?rest_route=\/wp\/v2\/users\/3"}],"replies":[{"embeddable":true,"href":"https:\/\/blog.lapecera.ch\/index.php?rest_route=%2Fwp%2Fv2%2Fcomments&post=629"}],"version-history":[{"count":0,"href":"https:\/\/blog.lapecera.ch\/index.php?rest_route=\/wp\/v2\/posts\/629\/revisions"}],"wp:attachment":[{"href":"https:\/\/blog.lapecera.ch\/index.php?rest_route=%2Fwp%2Fv2%2Fmedia&parent=629"}],"wp:term":[{"taxonomy":"category","embeddable":true,"href":"https:\/\/blog.lapecera.ch\/index.php?rest_route=%2Fwp%2Fv2%2Fcategories&post=629"},{"taxonomy":"post_tag","embeddable":true,"href":"https:\/\/blog.lapecera.ch\/index.php?rest_route=%2Fwp%2Fv2%2Ftags&post=629"}],"curies":[{"name":"wp","href":"https:\/\/api.w.org\/{rel}","templated":true}]}}