{"id":625,"date":"2010-04-09T17:47:04","date_gmt":"2010-04-09T15:47:04","guid":{"rendered":"http:\/\/lapecera.ch\/?p=625"},"modified":"2010-04-09T17:47:04","modified_gmt":"2010-04-09T15:47:04","slug":"el-balanceo-del-tren","status":"publish","type":"post","link":"https:\/\/blog.lapecera.ch\/?p=625","title":{"rendered":"El balanceo del tren"},"content":{"rendered":"<p>Hace unos meses os hablaba por primera vez de <a href=\"http:\/\/lapecera.ch\/2009\/02\/se-lo-llevo-pe\/\">Roger, Manuela y Laura<\/a>. El caso es que hace unos meses que empec\u00e9 a escribir peque\u00f1as cosas sobre la historia en mi Moleskine y hace dos d\u00edas que lo rele\u00ed y decid\u00ed pasarlo al ordenador. S\u00f3lo es el principio, lo que escrib\u00ed all\u00e1s por verano para que no se me olvidasen las cosas, pero se me apetece colgarlo a ver que os parece&#8230; o m\u00e1s bien, pa ver si despierto el inter\u00e9s o la curiosidad de alguien xDD El t\u00edtulo provisional con el que la tengo escrita en mi libreta es &#8220;Nos vemos en el tren&#8221; que ser\u00eda la traducci\u00f3n de &#8220;Wir treffen uns im Zug&#8221; o al menos, esa la idea original del t\u00edtulo. <\/p>\n<blockquote><p>En los pasados carnavales Roger se disfraz\u00f3 de vaquero a lo John Wayne o Clint Eastwood. Cuando le vi aparecer calle abajo con su abrigo largo, el pa\u00f1uelo al cuello, el sombrero y las espuelas, se me ocurri\u00f3 que los expertos de cine s\u00f3lo pod\u00edan referirse a \u00e9l al hablar de un espagueti <em>western<\/em>. No sab\u00edan ellos cuan real pod\u00eda llegar a ser. Pero claro, si te falta medio cent\u00edmetro para los dos metros y no tienes un kilo de carne encima, no es extra\u00f1o que puedas dar la impresi\u00f3n de ser un espagueti\u2026 y si un espagueti se viste de vaquero del oeste americano, \u00bfqu\u00e9 tienes? \u00a1Un espagueti <em>western<\/em>!<\/p>\n<p>Yo ven\u00eda a contar una historia. No tengo una raz\u00f3n especial para querer hacerlo. O quiz\u00e1 s\u00ed, pero no viene al caso. Lo importante son sus protagonistas. Puede que no sea una historia especialmente rom\u00e1ntica o suficientemente dram\u00e1tica o interesante, pero es mi historia, aunque s\u00f3lo sea la narradora, me pertenece y es especial para m\u00ed. Supongo que es motivo suficiente para estar sentada aqu\u00ed escribiendo. As\u00ed que\u2026 empecemos\u2026<\/p>\n<p><a href=\"http:\/\/www.flickr.com\/photos\/uelis\/\" target=\"_blank\"><img loading=\"lazy\" decoding=\"async\" src=\"http:\/\/lapecera.ch\/wp-content\/uploads\/2010\/04\/train-225x300.jpg\" alt=\"\" title=\"Zug\" width=\"225\" height=\"300\" class=\"alignright size-medium wp-image-626\" \/><\/a>Roger y yo nos conocimos en el tren. Bueno, no fue exactamente un &#8220;conocerse&#8221;, m\u00e1s bien pareci\u00f3 un caso de acoso descarado hecho sin querer por mi parte, aunque al final ninguno era capaz de decir qui\u00e9n hab\u00eda empezado todo aquello. Llevaba a\u00f1os viajando en el tren para ir al trabajo. \u00bfA qu\u00e9 me dedico? Al mundo de la moda pero eso no es importante. Lo importante es que ese trabajo me llevaba casi cada d\u00eda a Zurich, a pesar de vivir en Basilea. Basilea es la ciudad de mi infancia, donde crec\u00ed, estudi\u00e9 y se encuentran mis mejores amigos. Un fuerte lazo de propiedad y pertenencia me unen a esta ciudad. Por eso, cuando mi trabajo me llev\u00f3 a la capital de las finanzas, y aunque no lo parezca, de la moda de Suiza, me decid\u00ed por <em>s&#8217;Pendeln<\/em>. No es que Zurich no tenga encanto o atractivo, pero el de Basilea es\u2026 m\u00e1s de mi estilo, supongo.<\/p>\n<p>La ma\u00f1ana en que la vida de Roger se cruz\u00f3 con la m\u00eda empez\u00f3 mal. Mi bicicleta ten\u00eda un pinchazo lo que significaba tener que coger el <em>tram <\/em>y no llegar a coger el tren de las siete y cuarto y probablemente no tener tiempo ni para buscarme un caf\u00e9 con el que medio despertar \u2013digo &#8220;medio&#8221;, porque justo despu\u00e9s de tomarlo, me quitar\u00eda los zapatos y acurrucada en un rinconcito junto a la ventana me echar\u00eda una se\u00f1ora siesta hasta llegar a nuestro destino. Al final, por suerte, hubo tiempo para caf\u00e9, <em>Schoggiweggli <\/em>y &#8220;20 Minutos&#8221;. No s\u00e9 que ser\u00eda de m\u00ed sin ellos. El tren era un IC (de <em>InterCity<\/em>) de los de dos pisos. En el de arriba siempre hay sitio y es m\u00e1s luminoso, pero por una vez decid\u00ed sentarme abajo y probar. No es que no hubiera cogido antes un tren as\u00ed, de hecho es muy com\u00fan en el trayecto Basilea-Zurich, pero en mi caso la escalera que lleva a la parte superior me atrae de una forma casi m\u00e1gica y siempre acabo sentada arriba, excepto ese d\u00eda. Deb\u00eda de ser oto\u00f1o porque la ma\u00f1ana era especialmente oscura. Es la mejor \u00e9poca del a\u00f1o para dormir en el tren (o en cualquier sitio, \u00bfpara qu\u00e9 enga\u00f1arnos?), casi como estar en tu cama, salvo por la tort\u00edcolis que tienes despu\u00e9s y el fr\u00edo con el que despiertas. <\/p>\n<p>Me sent\u00e9 junto a la ventana y entonces le vi. Era largo y delgado, como un insecto palo, casi. Iba vestido como los pijos de los bancos: corbata, camisa blanca de manga larga, americana oscura y una gabardina corta de Burberry en color verde oscuro. Llevaba el pelo correctamente peinado hacia atr\u00e1s y los ojos grises despiertos como si fuera mediod\u00eda y no las 7 de la ma\u00f1ana. No es que me quedase embobada mir\u00e1ndole porque me pareciera guapo, ni siquiera vi su atractivo en ese momento. Sin duda le mir\u00e9 durante un rato lo suficientemente largo como para que me pillase. \u00a1Vaya se\u00f1ora pillada! En ese momento pude comprobar que mi cerebro no funciona al 100% por las ma\u00f1anas. Roger me pill\u00f3 mir\u00e1ndole fijamente y no me di cuenta de que \u00e9l hab\u00eda clavado su mirada en m\u00ed de la misma manera. S\u00f3lo cuando el tercer par de ojos, los de la chica que estaba hablando con \u00e9l se volvieron hacia m\u00ed no me percat\u00e9 de la situaci\u00f3n tan embarazosa en la que me encontraba. En ese preciso instante saltaron todas las alarmas y colorada como un pimiento me escurr\u00ed en el asiento hacia la venta, me enrosqu\u00e9 en mi abrigo y me ech\u00e9 a dormir intentando no pensar en que su mirada cristalina a\u00fan segu\u00eda posada en m\u00ed.<\/p><\/blockquote>\n<p>Y eso es todo, me voy pa Olten a cenar con los Hunn en el restaurante Bodega El Pato. Suena espa\u00f1ol, a ver si es realmente espa\u00f1ol xDD<\/p>\n<p>Con esto y un bizcocho&#8230; Besos<br \/>\nCris<\/p>\n<p>PS: Por cierto, Lola me persigue con su nuevo <em>look<\/em>. Quiere que os lo presente, pero no s\u00e9 c\u00f3mo. Si soy un desastre dibujando fO.o<\/p>\n","protected":false},"excerpt":{"rendered":"<p>Hace unos meses os hablaba por primera vez de Roger, Manuela y Laura. El caso es que hace unos meses que empec\u00e9 a escribir peque\u00f1as cosas sobre la historia en mi Moleskine y hace dos d\u00edas que lo rele\u00ed y decid\u00ed pasarlo al ordenador. S\u00f3lo es el principio, lo que escrib\u00ed all\u00e1s por verano para [&hellip;]<\/p>\n","protected":false},"author":3,"featured_media":0,"comment_status":"open","ping_status":"closed","sticky":false,"template":"","format":"standard","meta":{"footnotes":""},"categories":[],"tags":[],"class_list":["post-625","post","type-post","status-publish","format-standard","hentry"],"_links":{"self":[{"href":"https:\/\/blog.lapecera.ch\/index.php?rest_route=\/wp\/v2\/posts\/625","targetHints":{"allow":["GET"]}}],"collection":[{"href":"https:\/\/blog.lapecera.ch\/index.php?rest_route=\/wp\/v2\/posts"}],"about":[{"href":"https:\/\/blog.lapecera.ch\/index.php?rest_route=\/wp\/v2\/types\/post"}],"author":[{"embeddable":true,"href":"https:\/\/blog.lapecera.ch\/index.php?rest_route=\/wp\/v2\/users\/3"}],"replies":[{"embeddable":true,"href":"https:\/\/blog.lapecera.ch\/index.php?rest_route=%2Fwp%2Fv2%2Fcomments&post=625"}],"version-history":[{"count":0,"href":"https:\/\/blog.lapecera.ch\/index.php?rest_route=\/wp\/v2\/posts\/625\/revisions"}],"wp:attachment":[{"href":"https:\/\/blog.lapecera.ch\/index.php?rest_route=%2Fwp%2Fv2%2Fmedia&parent=625"}],"wp:term":[{"taxonomy":"category","embeddable":true,"href":"https:\/\/blog.lapecera.ch\/index.php?rest_route=%2Fwp%2Fv2%2Fcategories&post=625"},{"taxonomy":"post_tag","embeddable":true,"href":"https:\/\/blog.lapecera.ch\/index.php?rest_route=%2Fwp%2Fv2%2Ftags&post=625"}],"curies":[{"name":"wp","href":"https:\/\/api.w.org\/{rel}","templated":true}]}}