{"id":62,"date":"2006-09-18T20:19:00","date_gmt":"2006-09-18T18:19:00","guid":{"rendered":"http:\/\/lapecera.ch\/?p=62"},"modified":"2006-09-18T20:19:00","modified_gmt":"2006-09-18T18:19:00","slug":"vacaciones-de-cris-y-familia-iv-los-austriacos-sus-senales-de-trafico-y-mozart","status":"publish","type":"post","link":"https:\/\/blog.lapecera.ch\/?p=62","title":{"rendered":"Vacaciones de Cris y familia IV: Los austriacos, sus se\u00f1ales de tr\u00e1fico y Mozart"},"content":{"rendered":"<p>Lo bueno de haber cargado con mi ordenador port\u00e1til a las vacaciones es que como no tengo Internet puedo dedicarme a escribir sobre Lola y Lilianne. Pero como de momento no he hecho eso ni una sola vez (bueno al menos los apuntes de Lola ya est\u00e1n pasados a limpio en la nueva libreta), ahora puedo matar el tiempo cont\u00e1ndoos qu\u00e9 tal van mis vacaciones en la tierra de Sissi, mientras mi novio y su madre discuten la ruta que tomaremos hoy. <\/p>\n<p>Bueno, el domingo subimos andando hasta la Bochumerh\u00fctte, o sea, la caba\u00f1a de Bochum. No me pregunt\u00e9is qu\u00e9 hacen los alemanes de Bochum en medio del Tirol (supongo que ser\u00e1 que en Alemania no hay tantas monta\u00f1as y entonces se van a alquil\u00e1rselas a los austriacos, en vista de que los suizos los mandar\u00edan a fre\u00edr esp\u00e1rragos). Las vistas desde all\u00e1 arriba (1430 m) eran preciosas, ya lo ver\u00e9is en las fotos. Por la tarde nos fuimos al pueblo de aqu\u00ed al lado (Kitzb\u00fchel), que es m\u00e1s grande, a dar una vuelta y ver lo que hay para comprar y esas cosas xD  Por el camino un polic\u00eda nos par\u00f3 y nos puso una multa de 15\u20ac por no llevar las luces puestas. Seg\u00fan \u00e9l en la frontera hab\u00eda una se\u00f1al que indicaba eso mismo o.O Yo no la vi por ninguna parte.<\/p>\n<p>Al d\u00eda siguiente nos fuimos a Mozart City. Llegar llegamos, pero en la propia ciudad casi nos perdemos, gracias a las magn\u00edficas se\u00f1ales de tr\u00e1fico de los austriacos, sobre todo cuando quisimos marcharnos. No entiendo muy bien c\u00f3mo pueden tener tantos turistas. \u00bfNo se pierden cada vez que intentan entrar o salir de sus ciudades? O.o La ciudad, por cierto, es muy bonita y me encantaron sus callejuelas del casco antiguo (llenas de turistas :P). Me hab\u00edan dicho que en la ciudad se pod\u00eda sentir la presencia de Mozart en cada esquina\u2026 Pues yo\u2026 la verdad es que a \u00e9l no le sent\u00ed, pero su cara estaba en todas las tiendas de suvenires, \u00a1le\u00f1e! Recomendaci\u00f3n especial para aquellos que alg\u00fan d\u00eda vayan a visitar Salzburg: en la Mozartplatz, tomaos un respiro y entrad en Demel, K. u. K. Hofzuckerb\u00e4cker, antigua confiter\u00eda del emperador de Austria. Tienen unas tartas riqu\u00edsimas *\u00ac*<\/p>\n<p>El camino, tanto de ida como de vuelta, nos llev\u00f3 a trav\u00e9s de Alemania, as\u00ed que aprovech\u00e9 a mirar en la frontera si ven\u00eda en alguna parte la famosa se\u00f1al informativa de las luces del coche\u2026 Y no, no la encontramos, as\u00ed que dentro de un par de d\u00edas cuando vayamos a ver el castillo del Chiemsee en Alemania, le har\u00e9 una foto a la frontera y se la mandar\u00e9 junto con el recibo de la multa y el n\u00famero de mi cuenta (o la de Christoph) a la polic\u00eda austriaca, para que me devuelvan los 15 \u20ac, porque si ellos son unos incompetentes yo no les tengo la culpa xDDD<\/p>\n<p>Hoy nos vamos a hacer un Wanderung que a\u00fan no est\u00e1 definido. Ya os contar\u00e9 ma\u00f1ana o pasado ma\u00f1ana en qu\u00e9 acaba todo esto. A m\u00ed lo que m\u00e1s me interesa es irme a Kitzb\u00fchel a comprarme las botas que vi el domingo xDD<\/p>\n<p>Con esto y un bizcocho\u2026 Besos<br \/>Cris<\/p>\n<p>PD: Esto lo escrib\u00ed estando en Austria como se puede comprobar. El pr\u00f3ximo cap\u00edtulo sobre el castillo y las fotos las colgar\u00e9 probablemente cuando acabe con la mudanza o a lo mejor el domingo si tengo tiempo, pero teniendo en cuenta que tengo que planchar, lavar ropa, preparar cajas, hacer whities, cocinar una lasa\u00f1a y etc, etc. m\u00e1s bien ser\u00e1 cuando acabemos&#8230; Como novedad, he cambiado la canci\u00f3n de La Gramola. Ahora est\u00e1 puesta &#8220;Time&#8221; de Chantal Kreviazuk, cantante canadiense poco conocida en Europa (aunque hab\u00e9is escuchado algunas de sus canciones en pel\u00edculas como &#8220;How to lose a guy in 10 days&#8221;) y co-autora de canciones de otras artistas famosas como Avril Lavigne o Kelly Clarkson. \u00a1Qu\u00e9 disfrut\u00e9is! \ud83d\ude09<\/p>\n","protected":false},"excerpt":{"rendered":"<p>Lo bueno de haber cargado con mi ordenador port\u00e1til a las vacaciones es que como no tengo Internet puedo dedicarme a escribir sobre Lola y Lilianne. Pero como de momento no he hecho eso ni una sola vez (bueno al menos los apuntes de Lola ya est\u00e1n pasados a limpio en la nueva libreta), ahora [&hellip;]<\/p>\n","protected":false},"author":3,"featured_media":0,"comment_status":"open","ping_status":"closed","sticky":false,"template":"","format":"standard","meta":{"footnotes":""},"categories":[],"tags":[],"class_list":["post-62","post","type-post","status-publish","format-standard","hentry"],"_links":{"self":[{"href":"https:\/\/blog.lapecera.ch\/index.php?rest_route=\/wp\/v2\/posts\/62","targetHints":{"allow":["GET"]}}],"collection":[{"href":"https:\/\/blog.lapecera.ch\/index.php?rest_route=\/wp\/v2\/posts"}],"about":[{"href":"https:\/\/blog.lapecera.ch\/index.php?rest_route=\/wp\/v2\/types\/post"}],"author":[{"embeddable":true,"href":"https:\/\/blog.lapecera.ch\/index.php?rest_route=\/wp\/v2\/users\/3"}],"replies":[{"embeddable":true,"href":"https:\/\/blog.lapecera.ch\/index.php?rest_route=%2Fwp%2Fv2%2Fcomments&post=62"}],"version-history":[{"count":0,"href":"https:\/\/blog.lapecera.ch\/index.php?rest_route=\/wp\/v2\/posts\/62\/revisions"}],"wp:attachment":[{"href":"https:\/\/blog.lapecera.ch\/index.php?rest_route=%2Fwp%2Fv2%2Fmedia&parent=62"}],"wp:term":[{"taxonomy":"category","embeddable":true,"href":"https:\/\/blog.lapecera.ch\/index.php?rest_route=%2Fwp%2Fv2%2Fcategories&post=62"},{"taxonomy":"post_tag","embeddable":true,"href":"https:\/\/blog.lapecera.ch\/index.php?rest_route=%2Fwp%2Fv2%2Ftags&post=62"}],"curies":[{"name":"wp","href":"https:\/\/api.w.org\/{rel}","templated":true}]}}