{"id":614,"date":"2010-04-08T14:52:51","date_gmt":"2010-04-08T12:52:51","guid":{"rendered":"http:\/\/lapecera.ch\/?p=614"},"modified":"2010-04-08T14:52:51","modified_gmt":"2010-04-08T12:52:51","slug":"mistakeerrorfault","status":"publish","type":"post","link":"https:\/\/blog.lapecera.ch\/?p=614","title":{"rendered":"MistakeErrorFault"},"content":{"rendered":"<p>Hoy he cometido un gran error&#8230; un fallo de los grandes&#8230; Christoph me lo har\u00e1 pagar caro&#8230; Me he pedido en play.com las dos primeras pel\u00edculas de <a href=\"http:\/\/www.imdb.com\/title\/tt0088727\/\" target=\"_blank\">Anne of Green Gables<\/a>, \u00a1oh, dios, estoy muerta! Aunque si lo piensas bien, son DVDs, no es ropa, ni bolsos, ni zapatos \ud83d\ude1b<\/p>\n<p>Este fin de semana largo hemos estado en un hotel chulo en Beatenberg que queda por encima del lago de Thun a unos 1100 metros sobre el nivel del mar, desde donde se tiene una vista espl\u00e9ndida del Eiger, el M\u00f6nch y el Jungfrau *\u00ac* En el hotel hab\u00eda una piscina muy mona (cuando no estaba llena de guaje haciendo ruido), donde el s\u00e1bado pude ir a nadar tranquilamente ^___^ despu\u00e9s de pasarme la ma\u00f1ana trabajando \u00ac\u00ac mientras Christoph estaba en Grindelwald esquiando con sus nuevos esqu\u00eds super chachis \ud83d\ude42 El resumen de las dos noches en el hotel es bueno&#8230; Sirvieron para despejar un poco y para ponerme al d\u00eda en lecturas tanto de manga como de libros xD<\/p>\n<p><a href=\"http:\/\/leon13th.deviantart.com\/\" target=\"_blank\"><img loading=\"lazy\" decoding=\"async\" src=\"http:\/\/lapecera.ch\/wp-content\/uploads\/2010\/04\/anne-300x199.jpg\" alt=\"\" title=\"Anne of Green Gables\" width=\"300\" height=\"199\" class=\"alignleft size-medium wp-image-617\" \/><\/a>El lunes (de Pascua) organizamos un <em>brunch<\/em> en nuestra casa para la familia. Cuando tenga tiempo, subir\u00e9 las fotos para que veais a los <em>digital natives<\/em> que tengo por sobrinos, especialmente la sobrina que se pill\u00f3 el <em>timer<\/em> que tengo en la puerta del horno y pa cuando se fueron pa casa, ya no le quedaba marco rojo por ninguna parte (y es un milagro que siga funcionando porque lo tir\u00f3 media docena de veces al suelo&#8230; calidad Ikea, oye) xDDD Tambi\u00e9n se lo pasaron pipa jugando con nuestro <a href=\"http:\/\/www.mft.at\/index.php?id=176&amp;set_template=main_en\" target=\"_blank\">Trim Disc<\/a>. S\u00ed, Christoph y yo tenemos un nuevo cacharro en casa&#8230; Pero mola, y est\u00e1 genial para mejorar la coordinaci\u00f3n&#8230; O al menos, eso dice Christoph, yo no tengo problemas de ese tipo fO.o<\/p>\n<p>Como os dec\u00eda antes en estas minivacaciones he terminado de leer &#8220;The Queen must die&#8221; de K.A.S. Quinn, que si bien la historia es interesante, a veces cuesta seguirla y otras tienes ganas de matar a la escritora de lo tediosa que resulta. El final llega un poco de sopet\u00f3n, casi a lo &#8220;y ahora esto me lo saco de la manga porque yo lo valgo&#8221;, pero los di\u00e1logos a lo largo del libro son tan geniales que s\u00f3lo por eso merece la pena. Despu\u00e9s un poco a rega\u00f1adientes, porque s\u00f3lo me hab\u00eda llevado dos libros m\u00e1s el fin de semana, empec\u00e9 con &#8220;Dos velas para el diablo&#8221; (la otra opci\u00f3n era &#8220;The Hunger Games&#8221;, pero llevo demasiado tiempo leyendo en un idioma que no es el m\u00edo). Al principio me sorprendi\u00f3 gratamente el tono y la primera persona, pero ahora mismo \u2013a punto de acabarlo, cap\u00edtulo XIV\u2013, estoy de la protagonista hasta los mism\u00edmos, o mejor dicho, cada vez me gusta menos (m\u00e1s bien me cansa) la forma de narrar la historia. Aparte de que me ha decepcionado terriblemente comprobar que el spoiler que me hab\u00eda tragado no es del final del libro, sino del medio O___O Alguien deber\u00eda recomendarle a Laura Gallego que deje de repetir tantas veces lo mismo a lo largo del libro (a lo mejor deber\u00eda buscarse <em>Beta-Readers <\/em>alternativos). Estoy hasta las narices de leer porqu\u00e9 Cat puede hacer esto o lo otro, o porqu\u00e9 los \u00e1ngeles y los demonios siempre est\u00e1n luchando, o que todo se debe a su esencia. Cada vez que me topo con una frasecita en plan &#8220;y yo los veos porque&#8230;&#8221; o &#8220;Soy un demonio\/\u00e1ngel, est\u00e1 en nuestra esencia&#8221;, me dan ganas de azotar el libro. Por cierto, \u00bfa alguien m\u00e1s le parece que esto de los \u00e1ngeles y los demonios es una versi\u00f3n light de los shrek y los dragones? <span style=\"color: #c83e22;\"><strong>SPOILER<\/strong><\/span> <span style=\"font-size: 9px;\">Se matan entre s\u00ed sin saber porqu\u00e9 igual que los de MdI, s\u00f3lo que estos les da por engendrar hijos juntos Y otra cosa: \u00bfA alguien m\u00e1s le pareci\u00f3 que el cap\u00edtulo XII con toda las explicaciones que sueltan Metatr\u00f3n y Astaroth parecen los discursos finales de Dumbledore a Harry en &#8220;Harry Potter&#8221; en el que todo se explica porque s\u00ed y porque yo lo valgo? <\/span><span style=\"color: #c83e22;\"><strong>FIN DEL SPOILER<\/strong><\/span> \u00bfA alguien m\u00e1s le parece que los cap\u00edtulos son eternos y que lo mismo son 14 que 25 porque no hay una raz\u00f3n clara para que se dividan as\u00ed? fO.o Lo empec\u00e9 con desgana, luego me gust\u00f3 y ahora estoy medio decepcionada \u00ac\u00ac Eso s\u00ed, lo que me ha gustado mucho, es como se desarrolla la relaci\u00f3n entre los dos protagonistas, pero no hay nada m\u00e1s que llame la atenci\u00f3n v.v<span style=\"font-size:10px;\"> (aparte de la paja mental que se ha gastado hacia el final para explicarlo todo \u00ac\u00ac)<\/span><\/p>\n<p>En fin, a otra cosa mariposa&#8230; Ayer vimos &#8220;Las Bandidas \u2013 Kann Rache sch\u00f6n sein!&#8221;, que es el t\u00edtulo traducido de la pel\u00edcula de Agust\u00edn D\u00edas Yanes, &#8220;Solo quiero caminar&#8221;. Si en la pel\u00edcula se hubieran ahorrado la parte de las mamadas o lo hubieran abordado de otro modo, hasta me habr\u00eda gustado, a pesar de ese final &#8220;a qui\u00e9n no hay quien siga vivo&#8221;. \u00bfPor qu\u00e9 el mejor personaje de toda la pel\u00edcula se lo cargan al final de una forma tan rid\u00edcula? Odio las pel\u00edculas que van de realistas, porque la vida es un asco. Eso ya lo s\u00e9, co\u00f1o. Para eso est\u00e1n las pel\u00edculas para imaginar que la vida NO es un asco&#8230; La pr\u00f3xima peli que vea ser\u00e1 &#8220;The Bounty Hunter&#8221; de Jennifer Anniston y Gerald Butler o &#8220;All about Steve&#8221; con Sandra Bullock, porque son malas, pero me reir\u00e9 a carcajada limpia con ellas y eso es lo que cuenta, \u00a1hala!<\/p>\n<p>Y ahora os dejo ya, voy a mirar a ver si trabajo (o me siento en un rinc\u00f3n y termino de leer DVPED).<\/p>\n<p>Con esto y un bizcocho&#8230; Besos<br \/>\nCris<\/p>\n","protected":false},"excerpt":{"rendered":"<p>Hoy he cometido un gran error&#8230; un fallo de los grandes&#8230; Christoph me lo har\u00e1 pagar caro&#8230; Me he pedido en play.com las dos primeras pel\u00edculas de Anne of Green Gables, \u00a1oh, dios, estoy muerta! Aunque si lo piensas bien, son DVDs, no es ropa, ni bolsos, ni zapatos \ud83d\ude1b Este fin de semana largo [&hellip;]<\/p>\n","protected":false},"author":3,"featured_media":0,"comment_status":"open","ping_status":"closed","sticky":false,"template":"","format":"standard","meta":{"footnotes":""},"categories":[],"tags":[],"class_list":["post-614","post","type-post","status-publish","format-standard","hentry"],"_links":{"self":[{"href":"https:\/\/blog.lapecera.ch\/index.php?rest_route=\/wp\/v2\/posts\/614","targetHints":{"allow":["GET"]}}],"collection":[{"href":"https:\/\/blog.lapecera.ch\/index.php?rest_route=\/wp\/v2\/posts"}],"about":[{"href":"https:\/\/blog.lapecera.ch\/index.php?rest_route=\/wp\/v2\/types\/post"}],"author":[{"embeddable":true,"href":"https:\/\/blog.lapecera.ch\/index.php?rest_route=\/wp\/v2\/users\/3"}],"replies":[{"embeddable":true,"href":"https:\/\/blog.lapecera.ch\/index.php?rest_route=%2Fwp%2Fv2%2Fcomments&post=614"}],"version-history":[{"count":0,"href":"https:\/\/blog.lapecera.ch\/index.php?rest_route=\/wp\/v2\/posts\/614\/revisions"}],"wp:attachment":[{"href":"https:\/\/blog.lapecera.ch\/index.php?rest_route=%2Fwp%2Fv2%2Fmedia&parent=614"}],"wp:term":[{"taxonomy":"category","embeddable":true,"href":"https:\/\/blog.lapecera.ch\/index.php?rest_route=%2Fwp%2Fv2%2Fcategories&post=614"},{"taxonomy":"post_tag","embeddable":true,"href":"https:\/\/blog.lapecera.ch\/index.php?rest_route=%2Fwp%2Fv2%2Ftags&post=614"}],"curies":[{"name":"wp","href":"https:\/\/api.w.org\/{rel}","templated":true}]}}